{"id":3135,"date":"2018-01-06T20:26:12","date_gmt":"2018-01-06T19:26:12","guid":{"rendered":"http:\/\/agora.xtec.cat\/ceip-estel-stguim\/?p=3135"},"modified":"2018-01-06T20:36:14","modified_gmt":"2018-01-06T19:36:14","slug":"biblioteca-virtual","status":"publish","type":"post","link":"https:\/\/agora.xtec.cat\/ceip-estel-stguim\/portada\/biblioteca-virtual\/","title":{"rendered":"Biblioteca virtual"},"content":{"rendered":"<p><a href=\"http:\/\/agora.xtec.cat\/ceip-estel-stguim\/wp-content\/uploads\/usu237\/2018\/01\/Marta-Mata-club-lectura-pares-1.jpg\"><img loading=\"lazy\" decoding=\"async\" class=\"wp-image-3153 alignnone\" src=\"http:\/\/agora.xtec.cat\/ceip-estel-stguim\/wp-content\/uploads\/usu237\/2018\/01\/Marta-Mata-club-lectura-pares-1.jpg\" alt=\"\" width=\"418\" height=\"208\" srcset=\"https:\/\/agora.xtec.cat\/ceip-estel-stguim\/wp-content\/uploads\/usu237\/2018\/01\/Marta-Mata-club-lectura-pares-1.jpg 500w, https:\/\/agora.xtec.cat\/ceip-estel-stguim\/wp-content\/uploads\/usu237\/2018\/01\/Marta-Mata-club-lectura-pares-1-300x149.jpg 300w\" sizes=\"auto, (max-width: 418px) 100vw, 418px\" \/><\/a><\/p>\n<p>A principis de curs , a la passada assemblea de l\u2019Ampa us vam explicar que anir\u00edem penjant articles que pens\u00e0vem que podrien ser d\u2019inter\u00e8s per donar-nos eines a tots plegats i ajudar-nos en aquesta dif\u00edcil tasca que \u00e9s <strong>educar<\/strong>!!<\/p>\n<p>I aqu\u00ed un pengem els primers t\u00edtols:<\/p>\n<p><a href=\"http:\/\/agora.xtec.cat\/ceip-estel-stguim\/wp-content\/uploads\/usu237\/2018\/01\/Antenci\u00f3-El-teu-fill-et-creu.-Temes-davui.-Revista-Cucafera.pdf\">Antenci\u00f3! El teu fill et creu. Temes d&#8217;avui. Revista Cucafera<\/a><\/p>\n<p><a href=\"http:\/\/agora.xtec.cat\/ceip-estel-stguim\/wp-content\/uploads\/usu237\/2018\/01\/El-fill-mitj\u00e0.-El-m\u00f3n-dels-nenes.-Revista-Cucafera.pdf\">El fill mitj\u00e0. El m\u00f3n dels nenes. Revista Cucafera<\/a><\/p>\n<p><a href=\"http:\/\/agora.xtec.cat\/ceip-estel-stguim\/wp-content\/uploads\/usu237\/2018\/01\/La-generositat.-Temes-davui.-Revista-Cucafera.pdf\">La generositat. Temes d&#8217;avui. Revista Cucafera<\/a><\/p>\n<p><a href=\"http:\/\/agora.xtec.cat\/ceip-estel-stguim\/wp-content\/uploads\/usu237\/2018\/01\/La-psicomotricitat.-El-m\u00f3n-dels-nens.-Revista-Cucafera.pdf\">La psicomotricitat. El m\u00f3n dels nens. Revista Cucafera<\/a><\/p>\n<p><a href=\"http:\/\/agora.xtec.cat\/ceip-estel-stguim\/wp-content\/uploads\/usu237\/2018\/01\/Laprenentatge.-Temes-davui.-Revista-Cucafera.pdf\">L&#8217;aprenentatge. Temes d&#8217;avui. Revista Cucafera<\/a><\/p>\n<p><a href=\"http:\/\/agora.xtec.cat\/ceip-estel-stguim\/wp-content\/uploads\/usu237\/2018\/01\/Les-rebequeries.-El-m\u00f3n-dels-nenes.-Revista-Cucafera.pdf\">Les rebequeries. El m\u00f3n dels nenes. Revista Cucafera<\/a><\/p>\n<p><a href=\"http:\/\/agora.xtec.cat\/ceip-estel-stguim\/wp-content\/uploads\/usu237\/2018\/01\/Mana-o-el-manen.-Temes-davui.-Revista-Cucafera.pdf\">Mana o el manen. Temes d&#8217;avui. Revista Cucafera<\/a><\/p>\n<p><a href=\"http:\/\/agora.xtec.cat\/ceip-estel-stguim\/wp-content\/uploads\/usu237\/2018\/01\/Qui-renya-avui-a-casa.-Temes-davui.-Revista-Cucafera.pdf\">Qui renya avui a casa. Temes d&#8217;avui. Revista Cucafera<\/a><\/p>\n<p><a href=\"http:\/\/agora.xtec.cat\/ceip-estel-stguim\/wp-content\/uploads\/usu237\/2018\/01\/Sobre-alguns-drets-dels-reis-i-de-les-reines-de-la-casa.Perspectiva-escolar-246.pdf\">Sobre alguns drets dels reis i de les reines de la casa.Perspectiva escolar 246<\/a><\/p>\n<p><a href=\"http:\/\/agora.xtec.cat\/ceip-estel-stguim\/wp-content\/uploads\/usu237\/2018\/01\/Trobar-se-pares-i-fills.-El-m\u00f3n-dels-nens.-Revista-Cucafera.pdf\">Trobar-se pares i fills. El m\u00f3n dels nens. Revista Cucafera<\/a><\/p>\n<p><a href=\"http:\/\/agora.xtec.cat\/ceip-estel-stguim\/wp-content\/uploads\/usu237\/2018\/01\/Una-mica-dordre-si-us-plau.-Temes-davui.-Revista-Cucafera.pdf\">Una mica d&#8217;ordre, si us plau!. Temes d&#8217;avui. Revista Cucafera<\/a><\/p>\n<p>No cal dir que us animem a qu\u00e8 ens en feu arribar a l\u2019Ampa per aix\u00ed poder fer gran aquesta biblioteca virtual.<\/p>\n<p>Bona lectura!!<\/p>\n","protected":false},"excerpt":{"rendered":"<p>A principis de curs , a la passada assemblea de l\u2019Ampa us vam explicar que anir\u00edem penjant articles que pens\u00e0vem [&hellip;]<\/p>\n","protected":false},"author":20,"featured_media":3154,"comment_status":"open","ping_status":"closed","sticky":false,"template":"","format":"standard","meta":{"_bbp_topic_count":0,"_bbp_reply_count":0,"_bbp_total_topic_count":0,"_bbp_total_reply_count":0,"_bbp_voice_count":0,"_bbp_anonymous_reply_count":0,"_bbp_topic_count_hidden":0,"_bbp_reply_count_hidden":0,"_bbp_forum_subforum_count":0,"site-sidebar-layout":"default","site-content-layout":"","ast-site-content-layout":"","site-content-style":"default","site-sidebar-style":"default","ast-global-header-display":"","ast-banner-title-visibility":"","ast-main-header-display":"","ast-hfb-above-header-display":"","ast-hfb-below-header-display":"","ast-hfb-mobile-header-display":"","site-post-title":"","ast-breadcrumbs-content":"","ast-featured-img":"","footer-sml-layout":"","theme-transparent-header-meta":"","adv-header-id-meta":"","stick-header-meta":"","header-above-stick-meta":"","header-main-stick-meta":"","header-below-stick-meta":"","astra-migrate-meta-layouts":"default","ast-page-background-enabled":"default","ast-page-background-meta":{"desktop":{"background-color":"var(--ast-global-color-4)","background-image":"","background-repeat":"repeat","background-position":"center center","background-size":"auto","background-attachment":"scroll","background-type":"","background-media":"","overlay-type":"","overlay-color":"","overlay-opacity":"","overlay-gradient":""},"tablet":{"background-color":"","background-image":"","background-repeat":"repeat","background-position":"center center","background-size":"auto","background-attachment":"scroll","background-type":"","background-media":"","overlay-type":"","overlay-color":"","overlay-opacity":"","overlay-gradient":""},"mobile":{"background-color":"","background-image":"","background-repeat":"repeat","background-position":"center center","background-size":"auto","background-attachment":"scroll","background-type":"","background-media":"","overlay-type":"","overlay-color":"","overlay-opacity":"","overlay-gradient":""}},"ast-content-background-meta":{"desktop":{"background-color":"var(--ast-global-color-5)","background-image":"","background-repeat":"repeat","background-position":"center center","background-size":"auto","background-attachment":"scroll","background-type":"","background-media":"","overlay-type":"","overlay-color":"","overlay-opacity":"","overlay-gradient":""},"tablet":{"background-color":"var(--ast-global-color-5)","background-image":"","background-repeat":"repeat","background-position":"center center","background-size":"auto","background-attachment":"scroll","background-type":"","background-media":"","overlay-type":"","overlay-color":"","overlay-opacity":"","overlay-gradient":""},"mobile":{"background-color":"var(--ast-global-color-5)","background-image":"","background-repeat":"repeat","background-position":"center center","background-size":"auto","background-attachment":"scroll","background-type":"","background-media":"","overlay-type":"","overlay-color":"","overlay-opacity":"","overlay-gradient":""}},"footnotes":""},"categories":[7,85,92,4],"tags":[],"class_list":["post-3135","post","type-post","status-publish","format-standard","has-post-thumbnail","hentry","category-ampa","category-ampa-categoria","category-articles-dinteres","category-portada"],"post_mailing_queue_ids":[],"_links":{"self":[{"href":"https:\/\/agora.xtec.cat\/ceip-estel-stguim\/wp-json\/wp\/v2\/posts\/3135","targetHints":{"allow":["GET"]}}],"collection":[{"href":"https:\/\/agora.xtec.cat\/ceip-estel-stguim\/wp-json\/wp\/v2\/posts"}],"about":[{"href":"https:\/\/agora.xtec.cat\/ceip-estel-stguim\/wp-json\/wp\/v2\/types\/post"}],"author":[{"embeddable":true,"href":"https:\/\/agora.xtec.cat\/ceip-estel-stguim\/wp-json\/wp\/v2\/users\/20"}],"replies":[{"embeddable":true,"href":"https:\/\/agora.xtec.cat\/ceip-estel-stguim\/wp-json\/wp\/v2\/comments?post=3135"}],"version-history":[{"count":3,"href":"https:\/\/agora.xtec.cat\/ceip-estel-stguim\/wp-json\/wp\/v2\/posts\/3135\/revisions"}],"predecessor-version":[{"id":3157,"href":"https:\/\/agora.xtec.cat\/ceip-estel-stguim\/wp-json\/wp\/v2\/posts\/3135\/revisions\/3157"}],"wp:featuredmedia":[{"embeddable":true,"href":"https:\/\/agora.xtec.cat\/ceip-estel-stguim\/wp-json\/wp\/v2\/media\/3154"}],"wp:attachment":[{"href":"https:\/\/agora.xtec.cat\/ceip-estel-stguim\/wp-json\/wp\/v2\/media?parent=3135"}],"wp:term":[{"taxonomy":"category","embeddable":true,"href":"https:\/\/agora.xtec.cat\/ceip-estel-stguim\/wp-json\/wp\/v2\/categories?post=3135"},{"taxonomy":"post_tag","embeddable":true,"href":"https:\/\/agora.xtec.cat\/ceip-estel-stguim\/wp-json\/wp\/v2\/tags?post=3135"}],"curies":[{"name":"wp","href":"https:\/\/api.w.org\/{rel}","templated":true}]}}