{"id":2863,"date":"2017-06-02T13:59:21","date_gmt":"2017-06-02T11:59:21","guid":{"rendered":"http:\/\/agora.xtec.cat\/ceip-estel-stguim\/?p=2863"},"modified":"2022-01-11T14:57:31","modified_gmt":"2022-01-11T13:57:31","slug":"murder-estel","status":"publish","type":"post","link":"https:\/\/agora.xtec.cat\/ceip-estel-stguim\/portada\/murder-estel\/","title":{"rendered":"Murder Estel"},"content":{"rendered":"<p lang=\"en-GB\"><span style=\"font-family: Arial,sans-serif;\"><span style=\"font-size: large;\">English morning, 26th May.<\/span><\/span><\/p>\n<p lang=\"en-GB\"><span style=\"font-family: Arial,sans-serif;\"><span style=\"font-size: large;\">The 26th of May, Estel School celebrated an English morning. The pupils from CM were splitted up in two groups and the pupils from CS, as well. There were about 12 students in each group.<\/span><\/span><\/p>\n<p lang=\"en-GB\"><span style=\"font-family: Arial,sans-serif;\"><span style=\"font-size: large;\">In the game the goal was to pretend to be private detectives and find out who had committed a murder <\/span><\/span><span style=\"font-family: Arial,sans-serif;\"><span style=\"font-size: large;\">at <\/span><\/span><span style=\"font-family: Arial,sans-serif;\"><span style=\"font-size: large;\">school. In fact students had to discover the killer, the weapon used , the place, the time and the day of the week, <\/span><\/span><span style=\"font-family: Arial,sans-serif;\"><span style=\"font-size: large;\">where and when <\/span><\/span><span style=\"font-family: Arial,sans-serif;\"><span style=\"font-size: large;\">the murder <\/span><\/span><span style=\"font-family: Arial,sans-serif;\"><span style=\"font-size: large;\">was <\/span><\/span><span style=\"font-family: Arial,sans-serif;\"><span style=\"font-size: large;\">committed.<\/span><\/span><\/p>\n<p lang=\"en-GB\"><span style=\"font-family: Arial,sans-serif;\"><span style=\"font-size: large;\">T<\/span><\/span><span style=\"font-family: Arial,sans-serif;\"><span style=\"font-size: large;\">here were four classes where the pupils could go and try to get clues to guess information. In this spaces the students had to make crosswords, puzzles, find missing words and listen to some <\/span><\/span><span style=\"font-family: Arial,sans-serif;\"><span style=\"font-size: large;\">auditions.<\/span><\/span><span style=\"font-family: Arial,sans-serif;\"><span style=\"font-size: large;\"> All these kind of activities provided them what they need to solve the situation and be succeed in the research.<\/span><\/span><\/p>\n<p lang=\"en-GB\"><span style=\"font-family: Arial,sans-serif;\"><span style=\"font-size: large;\">The pupils had fun and enjoyed the proposal.<\/span><\/span><\/p>\n<p><span style=\"color: #0000cc;\"><span style=\"font-family: Arial,sans-serif;\"><span style=\"font-size: large;\">El 26 de maig, a l\u2019escola Estel vam celebrar una activitat matinal en llengua anglesa. El alumnes de CM var ser repartits en dos grups i els de CS tamb\u00e9. Hi havia uns 12 alumnes per grup.<\/span><\/span><\/span><\/p>\n<p><span style=\"color: #0000cc;\"><span style=\"font-family: Arial,sans-serif;\"><span style=\"font-size: large;\">Es va plantejar un joc, el <i>\u00abCluedo\u00bb. <\/i>L\u2019objectiu era que els nens i les nenes fessin de detectius privats i descobrissin qui havia com\u00e8s un assassinat a l\u2019escola. De fet, calia descobrir l\u2019assass\u00ed, l\u2019arma utilitzada, el lloc, l\u2019hora i el dia de la setmana, on hi quan s\u2019havia com\u00e8s l\u2019assassinat.<\/span><\/span><\/span><\/p>\n<p><span style=\"color: #0000cc;\"><span style=\"font-family: Arial,sans-serif;\"><span style=\"font-size: large;\">Hi havia quatre aules on els alumnes podien obtenir pistes i endevinar informaci\u00f3. Les activitats que donaven les pistes eren encreuats, trencaclosques, trobar les paraules perdudes i escoltar \u00e0udios. Totes elles aportaven tot all\u00f2 necessari per solucionar la situaci\u00f3 i tenir \u00e8xit en la recerca.<\/span><\/span><\/span><\/p>\n<p><span style=\"color: #0000cc;\"><span style=\"font-family: Arial,sans-serif;\"><span style=\"font-size: large;\">Els alumnes ho van passar b\u00e9 i van gaudir de la proposta.<\/span><\/span><\/span><\/p>\n<p>Per veure les fotos cliqueu l&#8217;enlla\u00e7<\/p>\n<p><a href=\"http:\/\/Per veure les fotos cliqueu l'enlla\u00e7\">https:\/\/goo.gl\/photos\/c4NvYV1kWqypoHCA7<\/a><\/p>\n","protected":false},"excerpt":{"rendered":"<p>English morning, 26th May. The 26th of May, Estel School celebrated an English morning. The pupils from CM were splitted [&hellip;]<\/p>\n","protected":false},"author":1,"featured_media":2864,"comment_status":"open","ping_status":"closed","sticky":false,"template":"","format":"standard","meta":{"_bbp_topic_count":0,"_bbp_reply_count":0,"_bbp_total_topic_count":0,"_bbp_total_reply_count":0,"_bbp_voice_count":0,"_bbp_anonymous_reply_count":0,"_bbp_topic_count_hidden":0,"_bbp_reply_count_hidden":0,"_bbp_forum_subforum_count":0,"site-sidebar-layout":"default","site-content-layout":"","ast-site-content-layout":"","site-content-style":"default","site-sidebar-style":"default","ast-global-header-display":"","ast-banner-title-visibility":"","ast-main-header-display":"","ast-hfb-above-header-display":"","ast-hfb-below-header-display":"","ast-hfb-mobile-header-display":"","site-post-title":"","ast-breadcrumbs-content":"","ast-featured-img":"","footer-sml-layout":"","theme-transparent-header-meta":"","adv-header-id-meta":"","stick-header-meta":"","header-above-stick-meta":"","header-main-stick-meta":"","header-below-stick-meta":"","astra-migrate-meta-layouts":"default","ast-page-background-enabled":"default","ast-page-background-meta":{"desktop":{"background-color":"var(--ast-global-color-4)","background-image":"","background-repeat":"repeat","background-position":"center center","background-size":"auto","background-attachment":"scroll","background-type":"","background-media":"","overlay-type":"","overlay-color":"","overlay-opacity":"","overlay-gradient":""},"tablet":{"background-color":"","background-image":"","background-repeat":"repeat","background-position":"center center","background-size":"auto","background-attachment":"scroll","background-type":"","background-media":"","overlay-type":"","overlay-color":"","overlay-opacity":"","overlay-gradient":""},"mobile":{"background-color":"","background-image":"","background-repeat":"repeat","background-position":"center center","background-size":"auto","background-attachment":"scroll","background-type":"","background-media":"","overlay-type":"","overlay-color":"","overlay-opacity":"","overlay-gradient":""}},"ast-content-background-meta":{"desktop":{"background-color":"var(--ast-global-color-5)","background-image":"","background-repeat":"repeat","background-position":"center center","background-size":"auto","background-attachment":"scroll","background-type":"","background-media":"","overlay-type":"","overlay-color":"","overlay-opacity":"","overlay-gradient":""},"tablet":{"background-color":"var(--ast-global-color-5)","background-image":"","background-repeat":"repeat","background-position":"center center","background-size":"auto","background-attachment":"scroll","background-type":"","background-media":"","overlay-type":"","overlay-color":"","overlay-opacity":"","overlay-gradient":""},"mobile":{"background-color":"var(--ast-global-color-5)","background-image":"","background-repeat":"repeat","background-position":"center center","background-size":"auto","background-attachment":"scroll","background-type":"","background-media":"","overlay-type":"","overlay-color":"","overlay-opacity":"","overlay-gradient":""}},"footnotes":""},"categories":[128,37,4],"tags":[],"class_list":["post-2863","post","type-post","status-publish","format-standard","has-post-thumbnail","hentry","category-english","category-gep","category-portada"],"post_mailing_queue_ids":[],"_links":{"self":[{"href":"https:\/\/agora.xtec.cat\/ceip-estel-stguim\/wp-json\/wp\/v2\/posts\/2863","targetHints":{"allow":["GET"]}}],"collection":[{"href":"https:\/\/agora.xtec.cat\/ceip-estel-stguim\/wp-json\/wp\/v2\/posts"}],"about":[{"href":"https:\/\/agora.xtec.cat\/ceip-estel-stguim\/wp-json\/wp\/v2\/types\/post"}],"author":[{"embeddable":true,"href":"https:\/\/agora.xtec.cat\/ceip-estel-stguim\/wp-json\/wp\/v2\/users\/1"}],"replies":[{"embeddable":true,"href":"https:\/\/agora.xtec.cat\/ceip-estel-stguim\/wp-json\/wp\/v2\/comments?post=2863"}],"version-history":[{"count":2,"href":"https:\/\/agora.xtec.cat\/ceip-estel-stguim\/wp-json\/wp\/v2\/posts\/2863\/revisions"}],"predecessor-version":[{"id":2866,"href":"https:\/\/agora.xtec.cat\/ceip-estel-stguim\/wp-json\/wp\/v2\/posts\/2863\/revisions\/2866"}],"wp:featuredmedia":[{"embeddable":true,"href":"https:\/\/agora.xtec.cat\/ceip-estel-stguim\/wp-json\/wp\/v2\/media\/2864"}],"wp:attachment":[{"href":"https:\/\/agora.xtec.cat\/ceip-estel-stguim\/wp-json\/wp\/v2\/media?parent=2863"}],"wp:term":[{"taxonomy":"category","embeddable":true,"href":"https:\/\/agora.xtec.cat\/ceip-estel-stguim\/wp-json\/wp\/v2\/categories?post=2863"},{"taxonomy":"post_tag","embeddable":true,"href":"https:\/\/agora.xtec.cat\/ceip-estel-stguim\/wp-json\/wp\/v2\/tags?post=2863"}],"curies":[{"name":"wp","href":"https:\/\/api.w.org\/{rel}","templated":true}]}}