{"id":2362,"date":"2017-02-03T16:26:57","date_gmt":"2017-02-03T15:26:57","guid":{"rendered":"http:\/\/agora.xtec.cat\/ceip-estel-stguim\/?p=2362"},"modified":"2017-02-03T16:26:57","modified_gmt":"2017-02-03T15:26:57","slug":"noves-activitats-pcee","status":"publish","type":"post","link":"https:\/\/agora.xtec.cat\/ceip-estel-stguim\/portada\/noves-activitats-pcee\/","title":{"rendered":"Noves activitats PCEE"},"content":{"rendered":"<p><strong>TROBADA DE JOC LLIURE I JOC AMB VALORS A TOR\u00c0<a href=\"http:\/\/agora.xtec.cat\/ceip-estel-stguim\/wp-content\/uploads\/usu237\/2017\/02\/2017_02_11_joc_lliure_tor\u00e0-01.jpg\"><img loading=\"lazy\" decoding=\"async\" class=\"wp-image-2363 alignright\" src=\"http:\/\/agora.xtec.cat\/ceip-estel-stguim\/wp-content\/uploads\/usu237\/2017\/02\/2017_02_11_joc_lliure_tor\u00e0-01-724x1024.jpg\" alt=\"2017_02_11_joc_lliure_tora-01\" width=\"303\" height=\"428\" srcset=\"https:\/\/agora.xtec.cat\/ceip-estel-stguim\/wp-content\/uploads\/usu237\/2017\/02\/2017_02_11_joc_lliure_tor\u00e0-01-724x1024.jpg 724w, https:\/\/agora.xtec.cat\/ceip-estel-stguim\/wp-content\/uploads\/usu237\/2017\/02\/2017_02_11_joc_lliure_tor\u00e0-01-212x300.jpg 212w, https:\/\/agora.xtec.cat\/ceip-estel-stguim\/wp-content\/uploads\/usu237\/2017\/02\/2017_02_11_joc_lliure_tor\u00e0-01-768x1086.jpg 768w, https:\/\/agora.xtec.cat\/ceip-estel-stguim\/wp-content\/uploads\/usu237\/2017\/02\/2017_02_11_joc_lliure_tor\u00e0-01.jpg 1754w\" sizes=\"auto, (max-width: 303px) 100vw, 303px\" \/><\/a><\/strong><\/p>\n<p>El proper dissabte dia 11 a partir de les 11h fins a les 13.30h es realitzar\u00e0 al <strong>Pavell\u00f3 Poliesportiu de tor\u00e0<\/strong> una trobada de <strong>joc lliure<\/strong> (2 a 4 anys) i <strong>jocs pre-esportius<\/strong> (5 a 7anys). La idea \u00e9s crear un espai per a l\u2019infant per al seu propi desenvolupament infantil. Podran gaudir de diferents materials i espais i com sempre amb el millor ambient i companyia.<\/p>\n<p>Tamb\u00e9 es <strong>donar\u00e0 fruita per esmorzar i aigua<\/strong> per a tots\/es els\/les participants\/es de la trobada.<\/p>\n<p><strong>CURSA INFANTIL SANT RUNMON<\/strong><\/p>\n<p>El proper diumenge dia 12 realitzarem la cursa infantil <strong>a Sant Ramon<\/strong>, LA SANT RUNMON. Les inscripcions de la cursa seran el mateix dia a partir de les 9:00 a la <strong>pla\u00e7a Sant Jaume<\/strong>. L\u2019inici de les curses ser\u00e0 a partir de les 9:45 de menor a major.<\/p>\n<p>Dist\u00e0ncies:<a href=\"http:\/\/agora.xtec.cat\/ceip-estel-stguim\/wp-content\/uploads\/usu237\/2017\/02\/2017_02_12_cursa_sant_ramon-01.jpg\"><img loading=\"lazy\" decoding=\"async\" class=\"wp-image-2364 alignright\" src=\"http:\/\/agora.xtec.cat\/ceip-estel-stguim\/wp-content\/uploads\/usu237\/2017\/02\/2017_02_12_cursa_sant_ramon-01-602x1024.jpg\" alt=\"2017_02_12_cursa_sant_ramon-01\" width=\"254\" height=\"432\" srcset=\"https:\/\/agora.xtec.cat\/ceip-estel-stguim\/wp-content\/uploads\/usu237\/2017\/02\/2017_02_12_cursa_sant_ramon-01-602x1024.jpg 602w, https:\/\/agora.xtec.cat\/ceip-estel-stguim\/wp-content\/uploads\/usu237\/2017\/02\/2017_02_12_cursa_sant_ramon-01-176x300.jpg 176w, https:\/\/agora.xtec.cat\/ceip-estel-stguim\/wp-content\/uploads\/usu237\/2017\/02\/2017_02_12_cursa_sant_ramon-01-768x1306.jpg 768w, https:\/\/agora.xtec.cat\/ceip-estel-stguim\/wp-content\/uploads\/usu237\/2017\/02\/2017_02_12_cursa_sant_ramon-01.jpg 1476w\" sizes=\"auto, (max-width: 254px) 100vw, 254px\" \/><\/a><\/p>\n<p>P2 a P5: recta de meta<\/p>\n<p>Pre-benjamins: 400 metres<\/p>\n<p>Benjamins: 800 metres<\/p>\n<p>Alevins: 1000 metres<\/p>\n<p>Infantils I Cadets: 1500 metres<\/p>\n<p>Tots els participants tindran avituallament gratu\u00eft. Medalles a partir de pre-benjamins pels primers tres classificats masculins i femenins.<\/p>\n<p><strong>ESQUIADA DEL CONSELL ESPORTIU DE LA SEGARRA<\/strong><\/p>\n<p>El proper dia 26 de febrer realitzarem l\u2019esquiada anual a Masella oberta als alumnes a partir de 3r de prim\u00e0ria, ESO, Batxillerat i adults.<\/p>\n<p>DATA L\u00cdMIT\u00a0D\u2019INSCRIPCI\u00d3\u00a0DISSABTE 18 DE FEBRER. (no s\u2019acceptar\u00e0 passada aquesta data)<a href=\"http:\/\/agora.xtec.cat\/ceip-estel-stguim\/wp-content\/uploads\/usu237\/2017\/02\/2017_02_26_esquiada-01.jpg\"><img loading=\"lazy\" decoding=\"async\" class=\"wp-image-2365 alignright\" src=\"http:\/\/agora.xtec.cat\/ceip-estel-stguim\/wp-content\/uploads\/usu237\/2017\/02\/2017_02_26_esquiada-01-724x1024.jpg\" alt=\"2017_02_26_esquiada-01\" width=\"297\" height=\"420\" srcset=\"https:\/\/agora.xtec.cat\/ceip-estel-stguim\/wp-content\/uploads\/usu237\/2017\/02\/2017_02_26_esquiada-01-724x1024.jpg 724w, https:\/\/agora.xtec.cat\/ceip-estel-stguim\/wp-content\/uploads\/usu237\/2017\/02\/2017_02_26_esquiada-01-212x300.jpg 212w, https:\/\/agora.xtec.cat\/ceip-estel-stguim\/wp-content\/uploads\/usu237\/2017\/02\/2017_02_26_esquiada-01-768x1086.jpg 768w, https:\/\/agora.xtec.cat\/ceip-estel-stguim\/wp-content\/uploads\/usu237\/2017\/02\/2017_02_26_esquiada-01.jpg 1754w\" sizes=\"auto, (max-width: 297px) 100vw, 297px\" \/><\/a><\/p>\n<p>En el tr\u00edptic adjuntat hi podreu trobar tota la informaci\u00f3 referent a l\u2019esquiada.<\/p>\n<p>Per a la inscripci\u00f3:<\/p>\n<ol>\n<li>Per realitzar la inscripci\u00f3 telem\u00e0ticament, anar a la p\u00e0gina web del Consell Esportiu de la Segarra ( <a href=\"http:\/\/www.cesegarra.cat\" data-saferedirecturl=\"https:\/\/www.google.com\/url?hl=ca&amp;q=http:\/\/www.cesegarra.cat&amp;source=gmail&amp;ust=1486221698765000&amp;usg=AFQjCNFq2ltDzUBxfsi1TYzgQiz7s_ibHQ\">www.cesegarra.cat<\/a> ) i seguir els passos indicats.<\/li>\n<li>Tamb\u00e9 podeu venir\u00a0a la oficina el dilluns, dimarts, dimecres i dijous al mat\u00ed de 10 a 14h. Tamb\u00e9 els dilluns i dimecres a la tarda de 16 a 18h<\/li>\n<\/ol>\n<p>Qualsevol dubte o aclariment us deixem el nostre correu. <a href=\"mailto:consellesportiu@ccsegarra.cat\">consellesportiu@ccsegarra.cat<\/a><\/p>\n","protected":false},"excerpt":{"rendered":"<p>TROBADA DE JOC LLIURE I JOC AMB VALORS A TOR\u00c0 El proper dissabte dia 11 a partir de les 11h [&hellip;]<\/p>\n","protected":false},"author":4,"featured_media":2366,"comment_status":"open","ping_status":"open","sticky":false,"template":"","format":"standard","meta":{"_bbp_topic_count":0,"_bbp_reply_count":0,"_bbp_total_topic_count":0,"_bbp_total_reply_count":0,"_bbp_voice_count":0,"_bbp_anonymous_reply_count":0,"_bbp_topic_count_hidden":0,"_bbp_reply_count_hidden":0,"_bbp_forum_subforum_count":0,"site-sidebar-layout":"default","site-content-layout":"","ast-site-content-layout":"","site-content-style":"default","site-sidebar-style":"default","ast-global-header-display":"","ast-banner-title-visibility":"","ast-main-header-display":"","ast-hfb-above-header-display":"","ast-hfb-below-header-display":"","ast-hfb-mobile-header-display":"","site-post-title":"","ast-breadcrumbs-content":"","ast-featured-img":"","footer-sml-layout":"","theme-transparent-header-meta":"","adv-header-id-meta":"","stick-header-meta":"","header-above-stick-meta":"","header-main-stick-meta":"","header-below-stick-meta":"","astra-migrate-meta-layouts":"default","ast-page-background-enabled":"default","ast-page-background-meta":{"desktop":{"background-color":"var(--ast-global-color-4)","background-image":"","background-repeat":"repeat","background-position":"center center","background-size":"auto","background-attachment":"scroll","background-type":"","background-media":"","overlay-type":"","overlay-color":"","overlay-opacity":"","overlay-gradient":""},"tablet":{"background-color":"","background-image":"","background-repeat":"repeat","background-position":"center center","background-size":"auto","background-attachment":"scroll","background-type":"","background-media":"","overlay-type":"","overlay-color":"","overlay-opacity":"","overlay-gradient":""},"mobile":{"background-color":"","background-image":"","background-repeat":"repeat","background-position":"center center","background-size":"auto","background-attachment":"scroll","background-type":"","background-media":"","overlay-type":"","overlay-color":"","overlay-opacity":"","overlay-gradient":""}},"ast-content-background-meta":{"desktop":{"background-color":"var(--ast-global-color-5)","background-image":"","background-repeat":"repeat","background-position":"center center","background-size":"auto","background-attachment":"scroll","background-type":"","background-media":"","overlay-type":"","overlay-color":"","overlay-opacity":"","overlay-gradient":""},"tablet":{"background-color":"var(--ast-global-color-5)","background-image":"","background-repeat":"repeat","background-position":"center center","background-size":"auto","background-attachment":"scroll","background-type":"","background-media":"","overlay-type":"","overlay-color":"","overlay-opacity":"","overlay-gradient":""},"mobile":{"background-color":"var(--ast-global-color-5)","background-image":"","background-repeat":"repeat","background-position":"center center","background-size":"auto","background-attachment":"scroll","background-type":"","background-media":"","overlay-type":"","overlay-color":"","overlay-opacity":"","overlay-gradient":""}},"footnotes":""},"categories":[38,4],"tags":[],"class_list":["post-2362","post","type-post","status-publish","format-standard","has-post-thumbnail","hentry","category-pcee","category-portada"],"post_mailing_queue_ids":[],"_links":{"self":[{"href":"https:\/\/agora.xtec.cat\/ceip-estel-stguim\/wp-json\/wp\/v2\/posts\/2362","targetHints":{"allow":["GET"]}}],"collection":[{"href":"https:\/\/agora.xtec.cat\/ceip-estel-stguim\/wp-json\/wp\/v2\/posts"}],"about":[{"href":"https:\/\/agora.xtec.cat\/ceip-estel-stguim\/wp-json\/wp\/v2\/types\/post"}],"author":[{"embeddable":true,"href":"https:\/\/agora.xtec.cat\/ceip-estel-stguim\/wp-json\/wp\/v2\/users\/4"}],"replies":[{"embeddable":true,"href":"https:\/\/agora.xtec.cat\/ceip-estel-stguim\/wp-json\/wp\/v2\/comments?post=2362"}],"version-history":[{"count":1,"href":"https:\/\/agora.xtec.cat\/ceip-estel-stguim\/wp-json\/wp\/v2\/posts\/2362\/revisions"}],"predecessor-version":[{"id":2367,"href":"https:\/\/agora.xtec.cat\/ceip-estel-stguim\/wp-json\/wp\/v2\/posts\/2362\/revisions\/2367"}],"wp:featuredmedia":[{"embeddable":true,"href":"https:\/\/agora.xtec.cat\/ceip-estel-stguim\/wp-json\/wp\/v2\/media\/2366"}],"wp:attachment":[{"href":"https:\/\/agora.xtec.cat\/ceip-estel-stguim\/wp-json\/wp\/v2\/media?parent=2362"}],"wp:term":[{"taxonomy":"category","embeddable":true,"href":"https:\/\/agora.xtec.cat\/ceip-estel-stguim\/wp-json\/wp\/v2\/categories?post=2362"},{"taxonomy":"post_tag","embeddable":true,"href":"https:\/\/agora.xtec.cat\/ceip-estel-stguim\/wp-json\/wp\/v2\/tags?post=2362"}],"curies":[{"name":"wp","href":"https:\/\/api.w.org\/{rel}","templated":true}]}}