{"id":2197,"date":"2016-11-15T16:58:09","date_gmt":"2016-11-15T15:58:09","guid":{"rendered":"http:\/\/agora.xtec.cat\/ceip-estel-stguim\/?p=2197"},"modified":"2016-11-15T17:00:52","modified_gmt":"2016-11-15T16:00:52","slug":"albums-il%c2%b7lustrats","status":"publish","type":"post","link":"https:\/\/agora.xtec.cat\/ceip-estel-stguim\/portada\/albums-il%c2%b7lustrats\/","title":{"rendered":"\u00c0lbums il\u00b7lustrats"},"content":{"rendered":"<p class=\"western\" lang=\"ca-ES\">Sovint veiem en la catalogaci\u00f3 d\u2019un llibre aquests mots. Sabem per\u00f2 qu\u00e8 \u00e9s un \u00e0lbum il\u00b7lustrat i a qui va adre\u00e7at?<\/p>\n<p class=\"western\" lang=\"ca-ES\">Resumeixo en breus pinzellades que \u00e9s per aclarir les seves peculiaritats:<\/p>\n<ul>\n<li>\n<p lang=\"ca-ES\">T\u00e9 format de llibre.<\/p>\n<\/li>\n<li>\n<p lang=\"ca-ES\">Integra dos codis diferents en un sol objecte: el codi ling\u00fc\u00edstic i el codi visual.<\/p>\n<\/li>\n<li>\n<p lang=\"ca-ES\">La imatge\/il\u00b7lustraci\u00f3 \u00e9s imprescindible per entendre la hist\u00f2ria que es conta. Pot tenir diferents tipus de relaci\u00f3 amb el text que acompanya: pot anar m\u00e9s enll\u00e0 del text, pot explicar el contrari del que ens diu el text\u2026<\/p>\n<\/li>\n<li>\n<p lang=\"ca-ES\">El text i la il\u00b7lustraci\u00f3 tenen un lligam molt especial: col\u00b7laboren junts per explicar la hist\u00f2ria.<\/p>\n<\/li>\n<li>\n<p lang=\"ca-ES\">Poden ser narratius, o no narratius, d\u2019accions i situacions quotidianes, de sentiments i emocions&#8230;&#8230; Hi cap tot i pot ser un gran recurs per encetar di\u00e0legs i converses motivades i enriquidores amb els infants.<\/p>\n<\/li>\n<li>\n<p lang=\"ca-ES\">Tots els elements que conformen l\u2019\u00e0lbum ens expliquen la hist\u00f2ria que cont\u00e9: el format, la mida, el color, la tipografia que utilitza\u2026<\/p>\n<\/li>\n<\/ul>\n<p class=\"western\" lang=\"ca-ES\">L\u2019\u00e0lbum \u00e9s, en molts casos, gaireb\u00e9 un objecte d\u2019art. Pel seu format, per les imatges, pel contingut &#8230; , es converteix en bon recurs en per animar els infants a la lectura. En moltes ocasions els introduir\u00e0 en el m\u00f3n de la il\u00b7lustraci\u00f3, com si d\u2019una galeria d\u2019art es tract\u00e9s.<\/p>\n<p class=\"western\" lang=\"ca-ES\">N\u2019hi ha d\u2019adequats a diferents edats i interessos ja que tenen una gran riquesa i varietat per\u00f2 la majoria permeten diferents lectures a diferents edats.<\/p>\n<p class=\"western\" lang=\"ca-ES\">Animeu-vos doncs a llegir amb els vostres fills \u00c0LBUMS IL\u00b7LUSTRATS!<\/p>\n<p class=\"western\" lang=\"ca-ES\" align=\"left\"><a href=\"http:\/\/agora.xtec.cat\/ceip-estel-stguim\/wp-content\/uploads\/usu237\/2016\/11\/albums-ilustrats.png\"><img loading=\"lazy\" decoding=\"async\" class=\"aligncenter size-full wp-image-2198\" src=\"http:\/\/agora.xtec.cat\/ceip-estel-stguim\/wp-content\/uploads\/usu237\/2016\/11\/albums-ilustrats.png\" alt=\"albums-ilustrats\" width=\"429\" height=\"559\" srcset=\"https:\/\/agora.xtec.cat\/ceip-estel-stguim\/wp-content\/uploads\/usu237\/2016\/11\/albums-ilustrats.png 429w, https:\/\/agora.xtec.cat\/ceip-estel-stguim\/wp-content\/uploads\/usu237\/2016\/11\/albums-ilustrats-230x300.png 230w\" sizes=\"auto, (max-width: 429px) 100vw, 429px\" \/><\/a><\/p>\n<p class=\"western\" lang=\"ca-ES\" align=\"left\">SELECCI\u00d3 D&#8217;\u00c0LBUMS IL\u00b7LUSTRATS QUE AGRADEN M\u00c9S ALS I A LES ALUMNES D&#8217;EDUCACI\u00d3 INFANTIL DE L&#8217;ESCOLA L&#8217;ESTEL<\/p>\n","protected":false},"excerpt":{"rendered":"<p>Sovint veiem en la catalogaci\u00f3 d\u2019un llibre aquests mots. Sabem per\u00f2 qu\u00e8 \u00e9s un \u00e0lbum il\u00b7lustrat i a qui va [&hellip;]<\/p>\n","protected":false},"author":1,"featured_media":2198,"comment_status":"open","ping_status":"open","sticky":false,"template":"","format":"standard","meta":{"_bbp_topic_count":0,"_bbp_reply_count":0,"_bbp_total_topic_count":0,"_bbp_total_reply_count":0,"_bbp_voice_count":0,"_bbp_anonymous_reply_count":0,"_bbp_topic_count_hidden":0,"_bbp_reply_count_hidden":0,"_bbp_forum_subforum_count":0,"site-sidebar-layout":"default","site-content-layout":"","ast-site-content-layout":"","site-content-style":"default","site-sidebar-style":"default","ast-global-header-display":"","ast-banner-title-visibility":"","ast-main-header-display":"","ast-hfb-above-header-display":"","ast-hfb-below-header-display":"","ast-hfb-mobile-header-display":"","site-post-title":"","ast-breadcrumbs-content":"","ast-featured-img":"","footer-sml-layout":"","theme-transparent-header-meta":"","adv-header-id-meta":"","stick-header-meta":"","header-above-stick-meta":"","header-main-stick-meta":"","header-below-stick-meta":"","astra-migrate-meta-layouts":"default","ast-page-background-enabled":"default","ast-page-background-meta":{"desktop":{"background-color":"var(--ast-global-color-4)","background-image":"","background-repeat":"repeat","background-position":"center center","background-size":"auto","background-attachment":"scroll","background-type":"","background-media":"","overlay-type":"","overlay-color":"","overlay-opacity":"","overlay-gradient":""},"tablet":{"background-color":"","background-image":"","background-repeat":"repeat","background-position":"center center","background-size":"auto","background-attachment":"scroll","background-type":"","background-media":"","overlay-type":"","overlay-color":"","overlay-opacity":"","overlay-gradient":""},"mobile":{"background-color":"","background-image":"","background-repeat":"repeat","background-position":"center center","background-size":"auto","background-attachment":"scroll","background-type":"","background-media":"","overlay-type":"","overlay-color":"","overlay-opacity":"","overlay-gradient":""}},"ast-content-background-meta":{"desktop":{"background-color":"var(--ast-global-color-5)","background-image":"","background-repeat":"repeat","background-position":"center center","background-size":"auto","background-attachment":"scroll","background-type":"","background-media":"","overlay-type":"","overlay-color":"","overlay-opacity":"","overlay-gradient":""},"tablet":{"background-color":"var(--ast-global-color-5)","background-image":"","background-repeat":"repeat","background-position":"center center","background-size":"auto","background-attachment":"scroll","background-type":"","background-media":"","overlay-type":"","overlay-color":"","overlay-opacity":"","overlay-gradient":""},"mobile":{"background-color":"var(--ast-global-color-5)","background-image":"","background-repeat":"repeat","background-position":"center center","background-size":"auto","background-attachment":"scroll","background-type":"","background-media":"","overlay-type":"","overlay-color":"","overlay-opacity":"","overlay-gradient":""}},"footnotes":""},"categories":[41,4],"tags":[],"class_list":["post-2197","post","type-post","status-publish","format-standard","has-post-thumbnail","hentry","category-biblioteca","category-portada"],"post_mailing_queue_ids":[],"_links":{"self":[{"href":"https:\/\/agora.xtec.cat\/ceip-estel-stguim\/wp-json\/wp\/v2\/posts\/2197","targetHints":{"allow":["GET"]}}],"collection":[{"href":"https:\/\/agora.xtec.cat\/ceip-estel-stguim\/wp-json\/wp\/v2\/posts"}],"about":[{"href":"https:\/\/agora.xtec.cat\/ceip-estel-stguim\/wp-json\/wp\/v2\/types\/post"}],"author":[{"embeddable":true,"href":"https:\/\/agora.xtec.cat\/ceip-estel-stguim\/wp-json\/wp\/v2\/users\/1"}],"replies":[{"embeddable":true,"href":"https:\/\/agora.xtec.cat\/ceip-estel-stguim\/wp-json\/wp\/v2\/comments?post=2197"}],"version-history":[{"count":2,"href":"https:\/\/agora.xtec.cat\/ceip-estel-stguim\/wp-json\/wp\/v2\/posts\/2197\/revisions"}],"predecessor-version":[{"id":2200,"href":"https:\/\/agora.xtec.cat\/ceip-estel-stguim\/wp-json\/wp\/v2\/posts\/2197\/revisions\/2200"}],"wp:featuredmedia":[{"embeddable":true,"href":"https:\/\/agora.xtec.cat\/ceip-estel-stguim\/wp-json\/wp\/v2\/media\/2198"}],"wp:attachment":[{"href":"https:\/\/agora.xtec.cat\/ceip-estel-stguim\/wp-json\/wp\/v2\/media?parent=2197"}],"wp:term":[{"taxonomy":"category","embeddable":true,"href":"https:\/\/agora.xtec.cat\/ceip-estel-stguim\/wp-json\/wp\/v2\/categories?post=2197"},{"taxonomy":"post_tag","embeddable":true,"href":"https:\/\/agora.xtec.cat\/ceip-estel-stguim\/wp-json\/wp\/v2\/tags?post=2197"}],"curies":[{"name":"wp","href":"https:\/\/api.w.org\/{rel}","templated":true}]}}