{"id":1770,"date":"2016-06-21T20:54:04","date_gmt":"2016-06-21T19:54:04","guid":{"rendered":"http:\/\/agora.xtec.cat\/ceip-estel-stguim\/?p=1770"},"modified":"2016-06-21T20:55:53","modified_gmt":"2016-06-21T19:55:53","slug":"ultim-dia-de-classe","status":"publish","type":"post","link":"https:\/\/agora.xtec.cat\/ceip-estel-stguim\/general\/ultim-dia-de-classe\/","title":{"rendered":"\u00daltim dia de classe"},"content":{"rendered":"<p>Arribat l&#8217;estiu, hem de donar-li la benvinguda, per\u00f2 tamb\u00e9 amb la forta calor, hem d&#8217;acomiadar-nos del curs, avui \u00faltim dia de classe amb jocs tradicionals, magn\u00edfic dia, per\u00f2 no volia marxar sense fer una petita valoraci\u00f3 d&#8217;aquest curs, especialment de la classe dels dofins de P5.<\/p>\n<p>Aquests \u00faltims dies han estat molt emotius i intensos, ja que fent una mirada enrera te n&#8217;adones de tots els moments viscuts juntament i aix\u00f2 que m&#8217;han passat volant. He de dir que he estat molt a gust en aquesta escola, tant amb els companys com amb les fam\u00edlies i els alumnes. Ha estat un curs especial i molt bonic, on he intentat fer les coses el millor possible i donar tot el que podia aportar de mi.<\/p>\n<p>Aquesta \u00faltima setmana pensava com han crescut els dofins, per\u00f2 no nom\u00e9s per fora, sin\u00f3 per dins&#8230;<\/p>\n<p>B\u00e9, no ens calen m\u00e9s paraules, us penjo un video que al llarg del curs he anat gravant i que sempre podreu mirar i recordar aquest magn\u00edfic curs.<\/p>\n<p>Estic molt content d&#8217;haver format part d&#8217;aquesta escola i haver pogut treballar amb els dofins, sempre us tindre al meu record. Cliqueu al play per veure el video de P5!! \ud83d\ude42<\/p>\n<p>https:\/\/youtu.be\/dlVTMvEIuH4<\/p>\n<p>&nbsp;<\/p>\n<p><a href=\"http:\/\/agora.xtec.cat\/ceip-estel-stguim\/wp-content\/uploads\/usu237\/2016\/06\/10.jpg\" rel=\"attachment wp-att-1771\"><img loading=\"lazy\" decoding=\"async\" class=\"alignnone size-full wp-image-1771\" src=\"http:\/\/agora.xtec.cat\/ceip-estel-stguim\/wp-content\/uploads\/usu237\/2016\/06\/10.jpg\" alt=\"10\" width=\"640\" height=\"425\" srcset=\"https:\/\/agora.xtec.cat\/ceip-estel-stguim\/wp-content\/uploads\/usu237\/2016\/06\/10.jpg 640w, https:\/\/agora.xtec.cat\/ceip-estel-stguim\/wp-content\/uploads\/usu237\/2016\/06\/10-300x199.jpg 300w\" sizes=\"auto, (max-width: 640px) 100vw, 640px\" \/><\/a><\/p>\n<p>BON ESTIU!!!!<\/p>\n<p>DAVID.<\/p>\n<p>&nbsp;<\/p>\n<p>&nbsp;<\/p>\n","protected":false},"excerpt":{"rendered":"<p>Arribat l&#8217;estiu, hem de donar-li la benvinguda, per\u00f2 tamb\u00e9 amb la forta calor, hem d&#8217;acomiadar-nos del curs, avui \u00faltim dia [&hellip;]<\/p>\n","protected":false},"author":1,"featured_media":1771,"comment_status":"open","ping_status":"open","sticky":false,"template":"","format":"standard","meta":{"_bbp_topic_count":0,"_bbp_reply_count":0,"_bbp_total_topic_count":0,"_bbp_total_reply_count":0,"_bbp_voice_count":0,"_bbp_anonymous_reply_count":0,"_bbp_topic_count_hidden":0,"_bbp_reply_count_hidden":0,"_bbp_forum_subforum_count":0,"site-sidebar-layout":"default","site-content-layout":"","ast-site-content-layout":"","site-content-style":"default","site-sidebar-style":"default","ast-global-header-display":"","ast-banner-title-visibility":"","ast-main-header-display":"","ast-hfb-above-header-display":"","ast-hfb-below-header-display":"","ast-hfb-mobile-header-display":"","site-post-title":"","ast-breadcrumbs-content":"","ast-featured-img":"","footer-sml-layout":"","theme-transparent-header-meta":"","adv-header-id-meta":"","stick-header-meta":"","header-above-stick-meta":"","header-main-stick-meta":"","header-below-stick-meta":"","astra-migrate-meta-layouts":"default","ast-page-background-enabled":"default","ast-page-background-meta":{"desktop":{"background-color":"var(--ast-global-color-4)","background-image":"","background-repeat":"repeat","background-position":"center center","background-size":"auto","background-attachment":"scroll","background-type":"","background-media":"","overlay-type":"","overlay-color":"","overlay-opacity":"","overlay-gradient":""},"tablet":{"background-color":"","background-image":"","background-repeat":"repeat","background-position":"center center","background-size":"auto","background-attachment":"scroll","background-type":"","background-media":"","overlay-type":"","overlay-color":"","overlay-opacity":"","overlay-gradient":""},"mobile":{"background-color":"","background-image":"","background-repeat":"repeat","background-position":"center center","background-size":"auto","background-attachment":"scroll","background-type":"","background-media":"","overlay-type":"","overlay-color":"","overlay-opacity":"","overlay-gradient":""}},"ast-content-background-meta":{"desktop":{"background-color":"var(--ast-global-color-5)","background-image":"","background-repeat":"repeat","background-position":"center center","background-size":"auto","background-attachment":"scroll","background-type":"","background-media":"","overlay-type":"","overlay-color":"","overlay-opacity":"","overlay-gradient":""},"tablet":{"background-color":"var(--ast-global-color-5)","background-image":"","background-repeat":"repeat","background-position":"center center","background-size":"auto","background-attachment":"scroll","background-type":"","background-media":"","overlay-type":"","overlay-color":"","overlay-opacity":"","overlay-gradient":""},"mobile":{"background-color":"var(--ast-global-color-5)","background-image":"","background-repeat":"repeat","background-position":"center center","background-size":"auto","background-attachment":"scroll","background-type":"","background-media":"","overlay-type":"","overlay-color":"","overlay-opacity":"","overlay-gradient":""}},"footnotes":""},"categories":[1,9,4],"tags":[],"class_list":["post-1770","post","type-post","status-publish","format-standard","has-post-thumbnail","hentry","category-general","category-i5","category-portada"],"post_mailing_queue_ids":[],"_links":{"self":[{"href":"https:\/\/agora.xtec.cat\/ceip-estel-stguim\/wp-json\/wp\/v2\/posts\/1770","targetHints":{"allow":["GET"]}}],"collection":[{"href":"https:\/\/agora.xtec.cat\/ceip-estel-stguim\/wp-json\/wp\/v2\/posts"}],"about":[{"href":"https:\/\/agora.xtec.cat\/ceip-estel-stguim\/wp-json\/wp\/v2\/types\/post"}],"author":[{"embeddable":true,"href":"https:\/\/agora.xtec.cat\/ceip-estel-stguim\/wp-json\/wp\/v2\/users\/1"}],"replies":[{"embeddable":true,"href":"https:\/\/agora.xtec.cat\/ceip-estel-stguim\/wp-json\/wp\/v2\/comments?post=1770"}],"version-history":[{"count":3,"href":"https:\/\/agora.xtec.cat\/ceip-estel-stguim\/wp-json\/wp\/v2\/posts\/1770\/revisions"}],"predecessor-version":[{"id":1774,"href":"https:\/\/agora.xtec.cat\/ceip-estel-stguim\/wp-json\/wp\/v2\/posts\/1770\/revisions\/1774"}],"wp:featuredmedia":[{"embeddable":true,"href":"https:\/\/agora.xtec.cat\/ceip-estel-stguim\/wp-json\/wp\/v2\/media\/1771"}],"wp:attachment":[{"href":"https:\/\/agora.xtec.cat\/ceip-estel-stguim\/wp-json\/wp\/v2\/media?parent=1770"}],"wp:term":[{"taxonomy":"category","embeddable":true,"href":"https:\/\/agora.xtec.cat\/ceip-estel-stguim\/wp-json\/wp\/v2\/categories?post=1770"},{"taxonomy":"post_tag","embeddable":true,"href":"https:\/\/agora.xtec.cat\/ceip-estel-stguim\/wp-json\/wp\/v2\/tags?post=1770"}],"curies":[{"name":"wp","href":"https:\/\/api.w.org\/{rel}","templated":true}]}}