{"id":1589,"date":"2016-06-01T13:04:39","date_gmt":"2016-06-01T12:04:39","guid":{"rendered":"http:\/\/agora.xtec.cat\/ceip-estel-stguim\/?p=1589"},"modified":"2016-06-01T13:06:04","modified_gmt":"2016-06-01T12:06:04","slug":"prenem-consciencia","status":"publish","type":"post","link":"https:\/\/agora.xtec.cat\/ceip-estel-stguim\/portada\/prenem-consciencia\/","title":{"rendered":"Prenem consci\u00e8ncia!"},"content":{"rendered":"<p>A l&#8217;escola prenem consci\u00e8ncia sobre l&#8217;estalvi d&#8217;energia. Per aix\u00f2 hem penjat uns cartells informatius per recordar a tota la comunitat educativa que \u00e9s important ser responsable i no malgastar recursos.<\/p>\n<p>A m\u00e9s a m\u00e9s, a les aules disposem de contenidors de brossa org\u00e0nica, d&#8217;envasos, de paper i de rebuig. Tamb\u00e9 reutilitzem el paper.<\/p>\n<p><strong>Mireu, mireu, qu\u00e8 b\u00e9 que ho fem!<\/strong><\/p>\n<p>&nbsp;<\/p>\n<p><a href=\"http:\/\/agora.xtec.cat\/ceip-estel-stguim\/wp-content\/uploads\/usu237\/2016\/06\/IMG_2927-e1464782580998.jpg\"><img loading=\"lazy\" decoding=\"async\" class=\"alignnone size-full wp-image-1597\" src=\"http:\/\/agora.xtec.cat\/ceip-estel-stguim\/wp-content\/uploads\/usu237\/2016\/06\/IMG_2927-e1464782580998.jpg\" alt=\"IMG_2927\" width=\"600\" height=\"800\" srcset=\"https:\/\/agora.xtec.cat\/ceip-estel-stguim\/wp-content\/uploads\/usu237\/2016\/06\/IMG_2927-e1464782580998.jpg 600w, https:\/\/agora.xtec.cat\/ceip-estel-stguim\/wp-content\/uploads\/usu237\/2016\/06\/IMG_2927-e1464782580998-225x300.jpg 225w\" sizes=\"auto, (max-width: 600px) 100vw, 600px\" \/><\/a> <a href=\"http:\/\/agora.xtec.cat\/ceip-estel-stguim\/wp-content\/uploads\/usu237\/2016\/06\/IMG_2928.jpg\"><img loading=\"lazy\" decoding=\"async\" class=\"alignnone size-large wp-image-1598\" src=\"http:\/\/agora.xtec.cat\/ceip-estel-stguim\/wp-content\/uploads\/usu237\/2016\/06\/IMG_2928.jpg\" alt=\"IMG_2928\" width=\"800\" height=\"600\" srcset=\"https:\/\/agora.xtec.cat\/ceip-estel-stguim\/wp-content\/uploads\/usu237\/2016\/06\/IMG_2928.jpg 800w, https:\/\/agora.xtec.cat\/ceip-estel-stguim\/wp-content\/uploads\/usu237\/2016\/06\/IMG_2928-300x225.jpg 300w, https:\/\/agora.xtec.cat\/ceip-estel-stguim\/wp-content\/uploads\/usu237\/2016\/06\/IMG_2928-200x150.jpg 200w\" sizes=\"auto, (max-width: 800px) 100vw, 800px\" \/><\/a> <a href=\"http:\/\/agora.xtec.cat\/ceip-estel-stguim\/wp-content\/uploads\/usu237\/2016\/06\/IMG_2929.jpg\"><img loading=\"lazy\" decoding=\"async\" class=\"alignnone size-large wp-image-1599\" src=\"http:\/\/agora.xtec.cat\/ceip-estel-stguim\/wp-content\/uploads\/usu237\/2016\/06\/IMG_2929.jpg\" alt=\"IMG_2929\" width=\"800\" height=\"600\" srcset=\"https:\/\/agora.xtec.cat\/ceip-estel-stguim\/wp-content\/uploads\/usu237\/2016\/06\/IMG_2929.jpg 800w, https:\/\/agora.xtec.cat\/ceip-estel-stguim\/wp-content\/uploads\/usu237\/2016\/06\/IMG_2929-300x225.jpg 300w, https:\/\/agora.xtec.cat\/ceip-estel-stguim\/wp-content\/uploads\/usu237\/2016\/06\/IMG_2929-200x150.jpg 200w\" sizes=\"auto, (max-width: 800px) 100vw, 800px\" \/><\/a> <a href=\"http:\/\/agora.xtec.cat\/ceip-estel-stguim\/wp-content\/uploads\/usu237\/2016\/06\/IMG_2930.jpg\"><img loading=\"lazy\" decoding=\"async\" class=\"alignnone size-large wp-image-1600\" src=\"http:\/\/agora.xtec.cat\/ceip-estel-stguim\/wp-content\/uploads\/usu237\/2016\/06\/IMG_2930.jpg\" alt=\"IMG_2930\" width=\"800\" height=\"600\" srcset=\"https:\/\/agora.xtec.cat\/ceip-estel-stguim\/wp-content\/uploads\/usu237\/2016\/06\/IMG_2930.jpg 800w, https:\/\/agora.xtec.cat\/ceip-estel-stguim\/wp-content\/uploads\/usu237\/2016\/06\/IMG_2930-300x225.jpg 300w, https:\/\/agora.xtec.cat\/ceip-estel-stguim\/wp-content\/uploads\/usu237\/2016\/06\/IMG_2930-200x150.jpg 200w\" sizes=\"auto, (max-width: 800px) 100vw, 800px\" \/><\/a> <a href=\"http:\/\/agora.xtec.cat\/ceip-estel-stguim\/wp-content\/uploads\/usu237\/2016\/06\/IMG_2931-e1464782568266.jpg\"><img loading=\"lazy\" decoding=\"async\" class=\"alignnone size-full wp-image-1601\" src=\"http:\/\/agora.xtec.cat\/ceip-estel-stguim\/wp-content\/uploads\/usu237\/2016\/06\/IMG_2931-e1464782568266.jpg\" alt=\"IMG_2931\" width=\"600\" height=\"800\" srcset=\"https:\/\/agora.xtec.cat\/ceip-estel-stguim\/wp-content\/uploads\/usu237\/2016\/06\/IMG_2931-e1464782568266.jpg 600w, https:\/\/agora.xtec.cat\/ceip-estel-stguim\/wp-content\/uploads\/usu237\/2016\/06\/IMG_2931-e1464782568266-225x300.jpg 225w\" sizes=\"auto, (max-width: 600px) 100vw, 600px\" \/><\/a><\/p>\n<p>&nbsp;<\/p>\n","protected":false},"excerpt":{"rendered":"<p>A l&#8217;escola prenem consci\u00e8ncia sobre l&#8217;estalvi d&#8217;energia. Per aix\u00f2 hem penjat uns cartells informatius per recordar a tota la comunitat [&hellip;]<\/p>\n","protected":false},"author":1,"featured_media":1598,"comment_status":"open","ping_status":"open","sticky":false,"template":"","format":"standard","meta":{"_bbp_topic_count":0,"_bbp_reply_count":0,"_bbp_total_topic_count":0,"_bbp_total_reply_count":0,"_bbp_voice_count":0,"_bbp_anonymous_reply_count":0,"_bbp_topic_count_hidden":0,"_bbp_reply_count_hidden":0,"_bbp_forum_subforum_count":0,"site-sidebar-layout":"default","site-content-layout":"","ast-site-content-layout":"","site-content-style":"default","site-sidebar-style":"default","ast-global-header-display":"","ast-banner-title-visibility":"","ast-main-header-display":"","ast-hfb-above-header-display":"","ast-hfb-below-header-display":"","ast-hfb-mobile-header-display":"","site-post-title":"","ast-breadcrumbs-content":"","ast-featured-img":"","footer-sml-layout":"","theme-transparent-header-meta":"","adv-header-id-meta":"","stick-header-meta":"","header-above-stick-meta":"","header-main-stick-meta":"","header-below-stick-meta":"","astra-migrate-meta-layouts":"default","ast-page-background-enabled":"default","ast-page-background-meta":{"desktop":{"background-color":"var(--ast-global-color-4)","background-image":"","background-repeat":"repeat","background-position":"center center","background-size":"auto","background-attachment":"scroll","background-type":"","background-media":"","overlay-type":"","overlay-color":"","overlay-opacity":"","overlay-gradient":""},"tablet":{"background-color":"","background-image":"","background-repeat":"repeat","background-position":"center center","background-size":"auto","background-attachment":"scroll","background-type":"","background-media":"","overlay-type":"","overlay-color":"","overlay-opacity":"","overlay-gradient":""},"mobile":{"background-color":"","background-image":"","background-repeat":"repeat","background-position":"center center","background-size":"auto","background-attachment":"scroll","background-type":"","background-media":"","overlay-type":"","overlay-color":"","overlay-opacity":"","overlay-gradient":""}},"ast-content-background-meta":{"desktop":{"background-color":"var(--ast-global-color-5)","background-image":"","background-repeat":"repeat","background-position":"center center","background-size":"auto","background-attachment":"scroll","background-type":"","background-media":"","overlay-type":"","overlay-color":"","overlay-opacity":"","overlay-gradient":""},"tablet":{"background-color":"var(--ast-global-color-5)","background-image":"","background-repeat":"repeat","background-position":"center center","background-size":"auto","background-attachment":"scroll","background-type":"","background-media":"","overlay-type":"","overlay-color":"","overlay-opacity":"","overlay-gradient":""},"mobile":{"background-color":"var(--ast-global-color-5)","background-image":"","background-repeat":"repeat","background-position":"center center","background-size":"auto","background-attachment":"scroll","background-type":"","background-media":"","overlay-type":"","overlay-color":"","overlay-opacity":"","overlay-gradient":""}},"footnotes":""},"categories":[4,60],"tags":[],"class_list":["post-1589","post","type-post","status-publish","format-standard","has-post-thumbnail","hentry","category-portada","category-tots-podem-collaborar"],"post_mailing_queue_ids":[],"_links":{"self":[{"href":"https:\/\/agora.xtec.cat\/ceip-estel-stguim\/wp-json\/wp\/v2\/posts\/1589","targetHints":{"allow":["GET"]}}],"collection":[{"href":"https:\/\/agora.xtec.cat\/ceip-estel-stguim\/wp-json\/wp\/v2\/posts"}],"about":[{"href":"https:\/\/agora.xtec.cat\/ceip-estel-stguim\/wp-json\/wp\/v2\/types\/post"}],"author":[{"embeddable":true,"href":"https:\/\/agora.xtec.cat\/ceip-estel-stguim\/wp-json\/wp\/v2\/users\/1"}],"replies":[{"embeddable":true,"href":"https:\/\/agora.xtec.cat\/ceip-estel-stguim\/wp-json\/wp\/v2\/comments?post=1589"}],"version-history":[{"count":1,"href":"https:\/\/agora.xtec.cat\/ceip-estel-stguim\/wp-json\/wp\/v2\/posts\/1589\/revisions"}],"predecessor-version":[{"id":1602,"href":"https:\/\/agora.xtec.cat\/ceip-estel-stguim\/wp-json\/wp\/v2\/posts\/1589\/revisions\/1602"}],"wp:featuredmedia":[{"embeddable":true,"href":"https:\/\/agora.xtec.cat\/ceip-estel-stguim\/wp-json\/wp\/v2\/media\/1598"}],"wp:attachment":[{"href":"https:\/\/agora.xtec.cat\/ceip-estel-stguim\/wp-json\/wp\/v2\/media?parent=1589"}],"wp:term":[{"taxonomy":"category","embeddable":true,"href":"https:\/\/agora.xtec.cat\/ceip-estel-stguim\/wp-json\/wp\/v2\/categories?post=1589"},{"taxonomy":"post_tag","embeddable":true,"href":"https:\/\/agora.xtec.cat\/ceip-estel-stguim\/wp-json\/wp\/v2\/tags?post=1589"}],"curies":[{"name":"wp","href":"https:\/\/api.w.org\/{rel}","templated":true}]}}