{"id":1389,"date":"2016-05-18T12:52:34","date_gmt":"2016-05-18T11:52:34","guid":{"rendered":"http:\/\/agora.xtec.cat\/ceip-estel-stguim\/?p=1389"},"modified":"2016-06-08T13:31:41","modified_gmt":"2016-06-08T12:31:41","slug":"dia-internacional-del-medi-ambient","status":"publish","type":"post","link":"https:\/\/agora.xtec.cat\/ceip-estel-stguim\/general\/dia-internacional-del-medi-ambient\/","title":{"rendered":"Dia Mundial del Medi Ambient"},"content":{"rendered":"<p>El passat dia 5 de juny va tenir lloc\u00a0el <strong>Dia Mundial\u00a0del Medi Ambient<\/strong>. A l&#8217;escola el vam celebrar dilluns dia <strong>6 de juny<\/strong> amb diferents activitats:<\/p>\n<p>Des de la Comissi\u00f3 Verda vam organitzar diferents activitats per gaudir d&#8217;un dia dedicat a la cura i el respecte al medi ambient.<\/p>\n<p>Des de P3 a 2n, els alumnes van realitzar <strong>diferents tallers<\/strong> sobre temes relacionats amb els medi ambient, a c\u00e0rrec del Consell Comarcal de la Segarra:<\/p>\n<ul>\n<li>Els alumnes de P3, P4, P5: Percussi\u00f3 al compostador<\/li>\n<li>Cicle Inicial:\u00a0 Mat\u00e8ria org\u00e0nica i el compostatge.<\/li>\n<\/ul>\n<p>Al llarg del mat\u00ed vam gaudir de l<strong>&#8216;exposici\u00f3 &#8220;Som gent de profit&#8221;<\/strong>, a c\u00e0rrec de l&#8217;Ajuntament, que va tenir lloc al Centre C\u00edvic de Sant Guim per fer-nos conscients del malbaratament dels aliments.<\/p>\n<p>A m\u00e9s a m\u00e9s, Cicle Mitj\u00e0 i Cicle Superior van realitzar una <strong>batuda de brossa al bosc<\/strong> del camp de futbol per mantenir-lo net i poder gaudir plenament de la seva naturalesa.<\/p>\n<p>Cliqueu a la foto per poder veure totes les fotografies d&#8217;aquell dia.<\/p>\n<p>Vam passar un dia ben verd i una estona agradable tots plegats, units per la <strong>NATURA<\/strong>.<\/p>\n<p><a href=\"http:\/\/agora.xtec.cat\/ceip-estel-stguim\/wp-content\/uploads\/usu237\/2016\/05\/800px-Ecologia.jpg\"><img loading=\"lazy\" decoding=\"async\" class=\" wp-image-1452 aligncenter\" src=\"http:\/\/agora.xtec.cat\/ceip-estel-stguim\/wp-content\/uploads\/usu237\/2016\/05\/800px-Ecologia.jpg\" alt=\"800px-Ecologia\" width=\"318\" height=\"373\" \/><\/a><\/p>\n<p>&nbsp;<\/p>\n","protected":false},"excerpt":{"rendered":"<p>El passat dia 5 de juny va tenir lloc\u00a0el Dia Mundial\u00a0del Medi Ambient. A l&#8217;escola el vam celebrar dilluns dia [&hellip;]<\/p>\n","protected":false},"author":1,"featured_media":1452,"comment_status":"open","ping_status":"open","sticky":false,"template":"","format":"standard","meta":{"_bbp_topic_count":0,"_bbp_reply_count":0,"_bbp_total_topic_count":0,"_bbp_total_reply_count":0,"_bbp_voice_count":0,"_bbp_anonymous_reply_count":0,"_bbp_topic_count_hidden":0,"_bbp_reply_count_hidden":0,"_bbp_forum_subforum_count":0,"site-sidebar-layout":"default","site-content-layout":"","ast-site-content-layout":"","site-content-style":"default","site-sidebar-style":"default","ast-global-header-display":"","ast-banner-title-visibility":"","ast-main-header-display":"","ast-hfb-above-header-display":"","ast-hfb-below-header-display":"","ast-hfb-mobile-header-display":"","site-post-title":"","ast-breadcrumbs-content":"","ast-featured-img":"","footer-sml-layout":"","theme-transparent-header-meta":"","adv-header-id-meta":"","stick-header-meta":"","header-above-stick-meta":"","header-main-stick-meta":"","header-below-stick-meta":"","astra-migrate-meta-layouts":"default","ast-page-background-enabled":"default","ast-page-background-meta":{"desktop":{"background-color":"var(--ast-global-color-4)","background-image":"","background-repeat":"repeat","background-position":"center center","background-size":"auto","background-attachment":"scroll","background-type":"","background-media":"","overlay-type":"","overlay-color":"","overlay-opacity":"","overlay-gradient":""},"tablet":{"background-color":"","background-image":"","background-repeat":"repeat","background-position":"center center","background-size":"auto","background-attachment":"scroll","background-type":"","background-media":"","overlay-type":"","overlay-color":"","overlay-opacity":"","overlay-gradient":""},"mobile":{"background-color":"","background-image":"","background-repeat":"repeat","background-position":"center center","background-size":"auto","background-attachment":"scroll","background-type":"","background-media":"","overlay-type":"","overlay-color":"","overlay-opacity":"","overlay-gradient":""}},"ast-content-background-meta":{"desktop":{"background-color":"var(--ast-global-color-5)","background-image":"","background-repeat":"repeat","background-position":"center center","background-size":"auto","background-attachment":"scroll","background-type":"","background-media":"","overlay-type":"","overlay-color":"","overlay-opacity":"","overlay-gradient":""},"tablet":{"background-color":"var(--ast-global-color-5)","background-image":"","background-repeat":"repeat","background-position":"center center","background-size":"auto","background-attachment":"scroll","background-type":"","background-media":"","overlay-type":"","overlay-color":"","overlay-opacity":"","overlay-gradient":""},"mobile":{"background-color":"var(--ast-global-color-5)","background-image":"","background-repeat":"repeat","background-position":"center center","background-size":"auto","background-attachment":"scroll","background-type":"","background-media":"","overlay-type":"","overlay-color":"","overlay-opacity":"","overlay-gradient":""}},"footnotes":""},"categories":[59,1,4],"tags":[],"class_list":["post-1389","post","type-post","status-publish","format-standard","has-post-thumbnail","hentry","category-activitats-verdes-a-lescola","category-general","category-portada"],"post_mailing_queue_ids":[],"_links":{"self":[{"href":"https:\/\/agora.xtec.cat\/ceip-estel-stguim\/wp-json\/wp\/v2\/posts\/1389","targetHints":{"allow":["GET"]}}],"collection":[{"href":"https:\/\/agora.xtec.cat\/ceip-estel-stguim\/wp-json\/wp\/v2\/posts"}],"about":[{"href":"https:\/\/agora.xtec.cat\/ceip-estel-stguim\/wp-json\/wp\/v2\/types\/post"}],"author":[{"embeddable":true,"href":"https:\/\/agora.xtec.cat\/ceip-estel-stguim\/wp-json\/wp\/v2\/users\/1"}],"replies":[{"embeddable":true,"href":"https:\/\/agora.xtec.cat\/ceip-estel-stguim\/wp-json\/wp\/v2\/comments?post=1389"}],"version-history":[{"count":3,"href":"https:\/\/agora.xtec.cat\/ceip-estel-stguim\/wp-json\/wp\/v2\/posts\/1389\/revisions"}],"predecessor-version":[{"id":1744,"href":"https:\/\/agora.xtec.cat\/ceip-estel-stguim\/wp-json\/wp\/v2\/posts\/1389\/revisions\/1744"}],"wp:featuredmedia":[{"embeddable":true,"href":"https:\/\/agora.xtec.cat\/ceip-estel-stguim\/wp-json\/wp\/v2\/media\/1452"}],"wp:attachment":[{"href":"https:\/\/agora.xtec.cat\/ceip-estel-stguim\/wp-json\/wp\/v2\/media?parent=1389"}],"wp:term":[{"taxonomy":"category","embeddable":true,"href":"https:\/\/agora.xtec.cat\/ceip-estel-stguim\/wp-json\/wp\/v2\/categories?post=1389"},{"taxonomy":"post_tag","embeddable":true,"href":"https:\/\/agora.xtec.cat\/ceip-estel-stguim\/wp-json\/wp\/v2\/tags?post=1389"}],"curies":[{"name":"wp","href":"https:\/\/api.w.org\/{rel}","templated":true}]}}