{"id":1300,"date":"2016-05-11T12:58:28","date_gmt":"2016-05-11T11:58:28","guid":{"rendered":"http:\/\/agora.xtec.cat\/ceip-estel-stguim\/?p=1300"},"modified":"2016-05-11T13:06:34","modified_gmt":"2016-05-11T12:06:34","slug":"breu-explicacio-del-projecte","status":"publish","type":"post","link":"https:\/\/agora.xtec.cat\/ceip-estel-stguim\/projecte-5050\/breu-explicacio-del-projecte\/","title":{"rendered":"Breu explicaci\u00f3 del Projecte"},"content":{"rendered":"<p>L&#8217;energia a\u00a0l&#8217;escola \u00e9s molt important per poder tenir llum, per no passar fred a l&#8217;hivern, per fer funcionar els aparells, etc. Per\u00f2 sabem quanta energia gastem a l&#8217;escola? I com la utilitzem?<\/p>\n<p>Amb el Projecte 50\/50 es vol ajudar a les escoles a con\u00e8ixer millor l&#8217;energia i a aprendre com estalviar-la. Amb aquest objectiu es va crear la xarxa 50\/50 per reduir el consum d&#8217;energia a les escoles, i la nostra escola s&#8217;hi ha afegit.<\/p>\n<p>Si gastem menys energia a l&#8217;escola el medi ambient i el clima en surten beneficiats, aix\u00ed com nosaltres, ja que rebrem un 50% dels costos energ\u00e8tics que estalviarem i els podrem utilitzar en all\u00f2 que necessitem (entre escola i Ajuntament. El resultat \u00e9s que tothom hi guanya: l&#8217;escola rep recursos financers addicionals i els gestors de l&#8217;edifici escolar tenen menys costos energ\u00e8tics.<\/p>\n<p>Els encarregats de dur a terme aquest projecte s\u00f3n un grup d&#8217;alumnes de 3r, 4t i 5\u00e8. Cada setmana aniran treballant aspectes relacionats amb el Medi Ambient per conscienciar-se sobre l&#8217;estalvi energ\u00e8tic i aix\u00ed intentar reduir costos i contaminaci\u00f3.<\/p>\n<p>Si voleu m\u00e9s informaci\u00f3 sobre el Projecte, cliqueu al seg\u00fcent enlla\u00e7:<\/p>\n<p><a href=\"http:\/\/www.euronet50-50.eu\/index.php\/cat\/\">http:\/\/www.euronet50-50.eu\/index.php\/cat\/<\/a><\/p>\n<p><a href=\"http:\/\/agora.xtec.cat\/ceip-estel-stguim\/wp-content\/uploads\/usu237\/2016\/05\/logo-640x480.jpg\"><img loading=\"lazy\" decoding=\"async\" class=\"aligncenter size-full wp-image-1304\" src=\"http:\/\/agora.xtec.cat\/ceip-estel-stguim\/wp-content\/uploads\/usu237\/2016\/05\/logo-640x480.jpg\" alt=\"logo-640x480\" width=\"640\" height=\"255\" srcset=\"https:\/\/agora.xtec.cat\/ceip-estel-stguim\/wp-content\/uploads\/usu237\/2016\/05\/logo-640x480.jpg 640w, https:\/\/agora.xtec.cat\/ceip-estel-stguim\/wp-content\/uploads\/usu237\/2016\/05\/logo-640x480-300x120.jpg 300w\" sizes=\"auto, (max-width: 640px) 100vw, 640px\" \/><\/a><\/p>\n<p>&nbsp;<\/p>\n<p>&nbsp;<\/p>\n","protected":false},"excerpt":{"rendered":"<p>L&#8217;energia a\u00a0l&#8217;escola \u00e9s molt important per poder tenir llum, per no passar fred a l&#8217;hivern, per fer funcionar els aparells, [&hellip;]<\/p>\n","protected":false},"author":1,"featured_media":1307,"comment_status":"open","ping_status":"open","sticky":false,"template":"","format":"standard","meta":{"_bbp_topic_count":0,"_bbp_reply_count":0,"_bbp_total_topic_count":0,"_bbp_total_reply_count":0,"_bbp_voice_count":0,"_bbp_anonymous_reply_count":0,"_bbp_topic_count_hidden":0,"_bbp_reply_count_hidden":0,"_bbp_forum_subforum_count":0,"site-sidebar-layout":"default","site-content-layout":"","ast-site-content-layout":"","site-content-style":"default","site-sidebar-style":"default","ast-global-header-display":"","ast-banner-title-visibility":"","ast-main-header-display":"","ast-hfb-above-header-display":"","ast-hfb-below-header-display":"","ast-hfb-mobile-header-display":"","site-post-title":"","ast-breadcrumbs-content":"","ast-featured-img":"","footer-sml-layout":"","theme-transparent-header-meta":"","adv-header-id-meta":"","stick-header-meta":"","header-above-stick-meta":"","header-main-stick-meta":"","header-below-stick-meta":"","astra-migrate-meta-layouts":"default","ast-page-background-enabled":"default","ast-page-background-meta":{"desktop":{"background-color":"var(--ast-global-color-4)","background-image":"","background-repeat":"repeat","background-position":"center center","background-size":"auto","background-attachment":"scroll","background-type":"","background-media":"","overlay-type":"","overlay-color":"","overlay-opacity":"","overlay-gradient":""},"tablet":{"background-color":"","background-image":"","background-repeat":"repeat","background-position":"center center","background-size":"auto","background-attachment":"scroll","background-type":"","background-media":"","overlay-type":"","overlay-color":"","overlay-opacity":"","overlay-gradient":""},"mobile":{"background-color":"","background-image":"","background-repeat":"repeat","background-position":"center center","background-size":"auto","background-attachment":"scroll","background-type":"","background-media":"","overlay-type":"","overlay-color":"","overlay-opacity":"","overlay-gradient":""}},"ast-content-background-meta":{"desktop":{"background-color":"var(--ast-global-color-5)","background-image":"","background-repeat":"repeat","background-position":"center center","background-size":"auto","background-attachment":"scroll","background-type":"","background-media":"","overlay-type":"","overlay-color":"","overlay-opacity":"","overlay-gradient":""},"tablet":{"background-color":"var(--ast-global-color-5)","background-image":"","background-repeat":"repeat","background-position":"center center","background-size":"auto","background-attachment":"scroll","background-type":"","background-media":"","overlay-type":"","overlay-color":"","overlay-opacity":"","overlay-gradient":""},"mobile":{"background-color":"var(--ast-global-color-5)","background-image":"","background-repeat":"repeat","background-position":"center center","background-size":"auto","background-attachment":"scroll","background-type":"","background-media":"","overlay-type":"","overlay-color":"","overlay-opacity":"","overlay-gradient":""}},"footnotes":""},"categories":[58,63],"tags":[],"class_list":["post-1300","post","type-post","status-publish","format-standard","has-post-thumbnail","hentry","category-projecte-5050","category-projecte-euronet-5050"],"post_mailing_queue_ids":[],"_links":{"self":[{"href":"https:\/\/agora.xtec.cat\/ceip-estel-stguim\/wp-json\/wp\/v2\/posts\/1300","targetHints":{"allow":["GET"]}}],"collection":[{"href":"https:\/\/agora.xtec.cat\/ceip-estel-stguim\/wp-json\/wp\/v2\/posts"}],"about":[{"href":"https:\/\/agora.xtec.cat\/ceip-estel-stguim\/wp-json\/wp\/v2\/types\/post"}],"author":[{"embeddable":true,"href":"https:\/\/agora.xtec.cat\/ceip-estel-stguim\/wp-json\/wp\/v2\/users\/1"}],"replies":[{"embeddable":true,"href":"https:\/\/agora.xtec.cat\/ceip-estel-stguim\/wp-json\/wp\/v2\/comments?post=1300"}],"version-history":[{"count":2,"href":"https:\/\/agora.xtec.cat\/ceip-estel-stguim\/wp-json\/wp\/v2\/posts\/1300\/revisions"}],"predecessor-version":[{"id":1306,"href":"https:\/\/agora.xtec.cat\/ceip-estel-stguim\/wp-json\/wp\/v2\/posts\/1300\/revisions\/1306"}],"wp:featuredmedia":[{"embeddable":true,"href":"https:\/\/agora.xtec.cat\/ceip-estel-stguim\/wp-json\/wp\/v2\/media\/1307"}],"wp:attachment":[{"href":"https:\/\/agora.xtec.cat\/ceip-estel-stguim\/wp-json\/wp\/v2\/media?parent=1300"}],"wp:term":[{"taxonomy":"category","embeddable":true,"href":"https:\/\/agora.xtec.cat\/ceip-estel-stguim\/wp-json\/wp\/v2\/categories?post=1300"},{"taxonomy":"post_tag","embeddable":true,"href":"https:\/\/agora.xtec.cat\/ceip-estel-stguim\/wp-json\/wp\/v2\/tags?post=1300"}],"curies":[{"name":"wp","href":"https:\/\/api.w.org\/{rel}","templated":true}]}}