{"id":1211,"date":"2016-05-04T12:56:13","date_gmt":"2016-05-04T11:56:13","guid":{"rendered":"http:\/\/agora.xtec.cat\/ceip-estel-stguim\/?p=1211"},"modified":"2016-06-01T13:03:09","modified_gmt":"2016-06-01T12:03:09","slug":"els-patra","status":"publish","type":"post","link":"https:\/\/agora.xtec.cat\/ceip-estel-stguim\/treballant-la-responsabilitat\/els-patra\/","title":{"rendered":"ELS PATRA"},"content":{"rendered":"<p>MATERIAL: fulls amb enigmes i pistes i q\u00fcestionari.<\/p>\n<p>ACTIVITAT INDIVIDUAL<br \/>\n\u25cf Entregar els enigmes i indicar que els resolguin individualment, procurant que els altres no s\u00e0piguen<br \/>\nel que van descobrint. Deixar clar que no \u00e9s una competici\u00f3, sin\u00f3 un experiment que els permetr\u00e0<br \/>\ndescobrir coses interessants un cop que hagin acabat l&#8217;activitat<br \/>\n\u25cf Deixar un temps perqu\u00e8 resolguin l&#8217;enigma, (nom\u00e9s ho aconseguiran uns quants), els altres s&#8217;aniran<br \/>\nadonant que no el podran resoldre amb la informaci\u00f3 que els han donat.<br \/>\n\u25cfRepartir el q\u00fcestionari a tota la resta dels alumnes, perqu\u00e8 el contestin, abans que es desmotivin.<\/p>\n<p>ACTIVITAT PER GRUPS<br \/>\n\u25cf Dividir els alumnes en grups de cinc persones perqu\u00e8 posin en com\u00fa les respostes al q\u00fcestionari, i<br \/>\ndemanar que un de cada grup en prengui nota.<br \/>\n\u25cf Posar en com\u00fa les aportacions dels grups, per torns, perqu\u00e8 tots tinguin la seva oportunitat<br \/>\nd\u2019expressar-se. Quan ja no queda per aportar res per part dels grups es passa a la reflexi\u00f3.<\/p>\n<p>REFLEXI\u00d3 EN GRUP<br \/>\n\u25cf Comentar amb els alumnes el que han fet i sentit en l&#8217;activitat:<br \/>\n\u25d7 Com s&#8217;han sentit mentre desxifraven l&#8217;enigma.<br \/>\n\u25d7 Si han pogut desxifrar els enigmes sols i per qu\u00e8.<br \/>\n\u25d7 Qui van desxifrar l&#8217;enigma i per qu\u00e8.<br \/>\n\u25d7 Qu\u00e8 representen els que van aconseguir desxifrar l&#8217;enigma (dirigir el di\u00e0leg cap al tema de la<br \/>\npoblaci\u00f3 mundial que no sap ni llegir ni escriure).<br \/>\n\u25cf Comentar el que els sembla m\u00e9s interessant del que ha sortit en els diversos grups:<br \/>\n\u25d7 Si poden fer-se gaire coses sense saber llegir i escriure.<br \/>\n\u25d7 Si es pot accedir a molts llocs de treball sense tenir almenys aquesta capacitat.<br \/>\n\u25d7 Si creuen que saber llegir els introdueix en un m\u00f3n interessant a trav\u00e9s dels contes o els<br \/>\nllibres<br \/>\n\u25d7 Si saber escriure ens d\u00f3na la possibilitat de comunicar-nos amb els altres<\/p>\n<p><a href=\"http:\/\/agora.xtec.cat\/ceip-estel-stguim\/wp-content\/uploads\/usu237\/2016\/05\/Captura-de-2016-06-01-135516.png\"><img loading=\"lazy\" decoding=\"async\" class=\"alignnone size-full wp-image-1587\" src=\"http:\/\/agora.xtec.cat\/ceip-estel-stguim\/wp-content\/uploads\/usu237\/2016\/05\/Captura-de-2016-06-01-135516.png\" alt=\"Captura de 2016-06-01 13:55:16\" width=\"909\" height=\"635\" srcset=\"https:\/\/agora.xtec.cat\/ceip-estel-stguim\/wp-content\/uploads\/usu237\/2016\/05\/Captura-de-2016-06-01-135516.png 909w, https:\/\/agora.xtec.cat\/ceip-estel-stguim\/wp-content\/uploads\/usu237\/2016\/05\/Captura-de-2016-06-01-135516-300x210.png 300w\" sizes=\"auto, (max-width: 909px) 100vw, 909px\" \/><\/a><\/p>\n<p>&nbsp;<\/p>\n<p><a href=\"http:\/\/agora.xtec.cat\/ceip-estel-stguim\/wp-content\/uploads\/usu237\/2016\/05\/Captura-de-2016-06-01-135602.png\"><img loading=\"lazy\" decoding=\"async\" class=\"alignnone size-full wp-image-1588\" src=\"http:\/\/agora.xtec.cat\/ceip-estel-stguim\/wp-content\/uploads\/usu237\/2016\/05\/Captura-de-2016-06-01-135602.png\" alt=\"Captura de 2016-06-01 13:56:02\" width=\"907\" height=\"607\" srcset=\"https:\/\/agora.xtec.cat\/ceip-estel-stguim\/wp-content\/uploads\/usu237\/2016\/05\/Captura-de-2016-06-01-135602.png 907w, https:\/\/agora.xtec.cat\/ceip-estel-stguim\/wp-content\/uploads\/usu237\/2016\/05\/Captura-de-2016-06-01-135602-300x201.png 300w\" sizes=\"auto, (max-width: 907px) 100vw, 907px\" \/><\/a><\/p>\n<p>&nbsp;<\/p>\n<p>Per consultar el q\u00fcestionari:\u00a0<a href=\"http:\/\/www.mansunides.org\/sites\/default\/files\/primaria06.pdf\">\u00a0http:\/\/www.mansunides.org\/sites\/default\/files\/primaria06.pdf\u00a0<\/a><\/p>\n","protected":false},"excerpt":{"rendered":"<p>MATERIAL: fulls amb enigmes i pistes i q\u00fcestionari. ACTIVITAT INDIVIDUAL \u25cf Entregar els enigmes i indicar que els resolguin individualment, [&hellip;]<\/p>\n","protected":false},"author":19,"featured_media":1587,"comment_status":"open","ping_status":"open","sticky":false,"template":"","format":"standard","meta":{"_bbp_topic_count":0,"_bbp_reply_count":0,"_bbp_total_topic_count":0,"_bbp_total_reply_count":0,"_bbp_voice_count":0,"_bbp_anonymous_reply_count":0,"_bbp_topic_count_hidden":0,"_bbp_reply_count_hidden":0,"_bbp_forum_subforum_count":0,"site-sidebar-layout":"default","site-content-layout":"","ast-site-content-layout":"","site-content-style":"default","site-sidebar-style":"default","ast-global-header-display":"","ast-banner-title-visibility":"","ast-main-header-display":"","ast-hfb-above-header-display":"","ast-hfb-below-header-display":"","ast-hfb-mobile-header-display":"","site-post-title":"","ast-breadcrumbs-content":"","ast-featured-img":"","footer-sml-layout":"","theme-transparent-header-meta":"","adv-header-id-meta":"","stick-header-meta":"","header-above-stick-meta":"","header-main-stick-meta":"","header-below-stick-meta":"","astra-migrate-meta-layouts":"default","ast-page-background-enabled":"default","ast-page-background-meta":{"desktop":{"background-color":"var(--ast-global-color-4)","background-image":"","background-repeat":"repeat","background-position":"center center","background-size":"auto","background-attachment":"scroll","background-type":"","background-media":"","overlay-type":"","overlay-color":"","overlay-opacity":"","overlay-gradient":""},"tablet":{"background-color":"","background-image":"","background-repeat":"repeat","background-position":"center center","background-size":"auto","background-attachment":"scroll","background-type":"","background-media":"","overlay-type":"","overlay-color":"","overlay-opacity":"","overlay-gradient":""},"mobile":{"background-color":"","background-image":"","background-repeat":"repeat","background-position":"center center","background-size":"auto","background-attachment":"scroll","background-type":"","background-media":"","overlay-type":"","overlay-color":"","overlay-opacity":"","overlay-gradient":""}},"ast-content-background-meta":{"desktop":{"background-color":"var(--ast-global-color-5)","background-image":"","background-repeat":"repeat","background-position":"center center","background-size":"auto","background-attachment":"scroll","background-type":"","background-media":"","overlay-type":"","overlay-color":"","overlay-opacity":"","overlay-gradient":""},"tablet":{"background-color":"var(--ast-global-color-5)","background-image":"","background-repeat":"repeat","background-position":"center center","background-size":"auto","background-attachment":"scroll","background-type":"","background-media":"","overlay-type":"","overlay-color":"","overlay-opacity":"","overlay-gradient":""},"mobile":{"background-color":"var(--ast-global-color-5)","background-image":"","background-repeat":"repeat","background-position":"center center","background-size":"auto","background-attachment":"scroll","background-type":"","background-media":"","overlay-type":"","overlay-color":"","overlay-opacity":"","overlay-gradient":""}},"footnotes":""},"categories":[56],"tags":[],"class_list":["post-1211","post","type-post","status-publish","format-standard","has-post-thumbnail","hentry","category-treballant-la-responsabilitat"],"post_mailing_queue_ids":[],"_links":{"self":[{"href":"https:\/\/agora.xtec.cat\/ceip-estel-stguim\/wp-json\/wp\/v2\/posts\/1211","targetHints":{"allow":["GET"]}}],"collection":[{"href":"https:\/\/agora.xtec.cat\/ceip-estel-stguim\/wp-json\/wp\/v2\/posts"}],"about":[{"href":"https:\/\/agora.xtec.cat\/ceip-estel-stguim\/wp-json\/wp\/v2\/types\/post"}],"author":[{"embeddable":true,"href":"https:\/\/agora.xtec.cat\/ceip-estel-stguim\/wp-json\/wp\/v2\/users\/19"}],"replies":[{"embeddable":true,"href":"https:\/\/agora.xtec.cat\/ceip-estel-stguim\/wp-json\/wp\/v2\/comments?post=1211"}],"version-history":[{"count":3,"href":"https:\/\/agora.xtec.cat\/ceip-estel-stguim\/wp-json\/wp\/v2\/posts\/1211\/revisions"}],"predecessor-version":[{"id":1595,"href":"https:\/\/agora.xtec.cat\/ceip-estel-stguim\/wp-json\/wp\/v2\/posts\/1211\/revisions\/1595"}],"wp:featuredmedia":[{"embeddable":true,"href":"https:\/\/agora.xtec.cat\/ceip-estel-stguim\/wp-json\/wp\/v2\/media\/1587"}],"wp:attachment":[{"href":"https:\/\/agora.xtec.cat\/ceip-estel-stguim\/wp-json\/wp\/v2\/media?parent=1211"}],"wp:term":[{"taxonomy":"category","embeddable":true,"href":"https:\/\/agora.xtec.cat\/ceip-estel-stguim\/wp-json\/wp\/v2\/categories?post=1211"},{"taxonomy":"post_tag","embeddable":true,"href":"https:\/\/agora.xtec.cat\/ceip-estel-stguim\/wp-json\/wp\/v2\/tags?post=1211"}],"curies":[{"name":"wp","href":"https:\/\/api.w.org\/{rel}","templated":true}]}}