{"id":1093,"date":"2016-05-03T09:50:48","date_gmt":"2016-05-03T08:50:48","guid":{"rendered":"http:\/\/agora.xtec.cat\/ceip-estel-stguim\/?p=1093"},"modified":"2016-05-03T09:50:48","modified_gmt":"2016-05-03T08:50:48","slug":"catalunya-recer","status":"publish","type":"post","link":"https:\/\/agora.xtec.cat\/ceip-estel-stguim\/josep-maria-poblet\/catalunya-recer\/","title":{"rendered":"Catalunya recer"},"content":{"rendered":"<p align=\"CENTER\"><span style=\"font-size: x-large;\"><span lang=\"ca-ES\">Catalunya \u00e9s la germana,<\/span><\/span><\/p>\n<p lang=\"ca-ES\" align=\"CENTER\"><span style=\"font-size: x-large;\">que d\u2019antuvi ha estat recer,<\/span><\/p>\n<p lang=\"ca-ES\" align=\"CENTER\"><span style=\"font-size: x-large;\">de tot \u00e9sser estranger,<\/span><\/p>\n<p lang=\"ca-ES\" align=\"CENTER\"><span style=\"font-size: x-large;\">que aqu\u00ed aixopluc ens demana.<\/span><\/p>\n<p lang=\"ca-ES\" align=\"CENTER\"><span style=\"font-size: x-large;\">Per qu\u00e8 aquesta justa fama,<\/span><\/p>\n<p lang=\"ca-ES\" align=\"CENTER\"><span style=\"font-size: x-large;\">del pa\u00eds, l\u2019han fet malb\u00e9,<\/span><\/p>\n<p lang=\"ca-ES\" align=\"CENTER\"><span style=\"font-size: x-large;\">i d\u2019aquest odi el per qu\u00e8,<\/span><\/p>\n<p lang=\"ca-ES\" align=\"CENTER\"><span style=\"font-size: x-large;\">de moltes regions d\u2019Espanya ?<\/span><\/p>\n<p lang=\"ca-ES\" align=\"CENTER\"><span style=\"font-size: x-large;\">Si aqu\u00ed molts hi han trobat feina,<\/span><\/p>\n<p lang=\"ca-ES\" align=\"CENTER\"><span style=\"font-size: x-large;\">i els seus fills s\u2019hi han educat,<\/span><\/p>\n<p lang=\"ca-ES\" align=\"CENTER\"><span style=\"font-size: x-large;\">i ses vides han resolt,<\/span><\/p>\n<p lang=\"ca-ES\" align=\"CENTER\"><span style=\"font-size: x-large;\">per qu\u00e8 odien nostra llengua,<\/span><\/p>\n<p lang=\"ca-ES\" align=\"CENTER\"><span style=\"font-size: x-large;\">i tant poc s\u2019hi han integrat&#8230;<\/span><\/p>\n<p lang=\"ca-ES\" align=\"CENTER\"><span style=\"font-size: x-large;\">no seran aus amb poc vol&#8230;?<\/span><\/p>\n<p lang=\"ca-ES\" align=\"CENTER\"><span style=\"font-size: x-large;\">Josep M\u00aa Poblet. Juny, 2003<\/span><\/p>\n","protected":false},"excerpt":{"rendered":"<p>Catalunya \u00e9s la germana, que d\u2019antuvi ha estat recer, de tot \u00e9sser estranger, que aqu\u00ed aixopluc ens demana. Per qu\u00e8 [&hellip;]<\/p>\n","protected":false},"author":1,"featured_media":0,"comment_status":"open","ping_status":"open","sticky":false,"template":"","format":"standard","meta":{"_bbp_topic_count":0,"_bbp_reply_count":0,"_bbp_total_topic_count":0,"_bbp_total_reply_count":0,"_bbp_voice_count":0,"_bbp_anonymous_reply_count":0,"_bbp_topic_count_hidden":0,"_bbp_reply_count_hidden":0,"_bbp_forum_subforum_count":0,"site-sidebar-layout":"default","site-content-layout":"","ast-site-content-layout":"","site-content-style":"default","site-sidebar-style":"default","ast-global-header-display":"","ast-banner-title-visibility":"","ast-main-header-display":"","ast-hfb-above-header-display":"","ast-hfb-below-header-display":"","ast-hfb-mobile-header-display":"","site-post-title":"","ast-breadcrumbs-content":"","ast-featured-img":"","footer-sml-layout":"","theme-transparent-header-meta":"","adv-header-id-meta":"","stick-header-meta":"","header-above-stick-meta":"","header-main-stick-meta":"","header-below-stick-meta":"","astra-migrate-meta-layouts":"default","ast-page-background-enabled":"default","ast-page-background-meta":{"desktop":{"background-color":"var(--ast-global-color-4)","background-image":"","background-repeat":"repeat","background-position":"center center","background-size":"auto","background-attachment":"scroll","background-type":"","background-media":"","overlay-type":"","overlay-color":"","overlay-opacity":"","overlay-gradient":""},"tablet":{"background-color":"","background-image":"","background-repeat":"repeat","background-position":"center center","background-size":"auto","background-attachment":"scroll","background-type":"","background-media":"","overlay-type":"","overlay-color":"","overlay-opacity":"","overlay-gradient":""},"mobile":{"background-color":"","background-image":"","background-repeat":"repeat","background-position":"center center","background-size":"auto","background-attachment":"scroll","background-type":"","background-media":"","overlay-type":"","overlay-color":"","overlay-opacity":"","overlay-gradient":""}},"ast-content-background-meta":{"desktop":{"background-color":"var(--ast-global-color-5)","background-image":"","background-repeat":"repeat","background-position":"center center","background-size":"auto","background-attachment":"scroll","background-type":"","background-media":"","overlay-type":"","overlay-color":"","overlay-opacity":"","overlay-gradient":""},"tablet":{"background-color":"var(--ast-global-color-5)","background-image":"","background-repeat":"repeat","background-position":"center center","background-size":"auto","background-attachment":"scroll","background-type":"","background-media":"","overlay-type":"","overlay-color":"","overlay-opacity":"","overlay-gradient":""},"mobile":{"background-color":"var(--ast-global-color-5)","background-image":"","background-repeat":"repeat","background-position":"center center","background-size":"auto","background-attachment":"scroll","background-type":"","background-media":"","overlay-type":"","overlay-color":"","overlay-opacity":"","overlay-gradient":""}},"footnotes":""},"categories":[61],"tags":[],"class_list":["post-1093","post","type-post","status-publish","format-standard","hentry","category-josep-maria-poblet"],"post_mailing_queue_ids":[],"_links":{"self":[{"href":"https:\/\/agora.xtec.cat\/ceip-estel-stguim\/wp-json\/wp\/v2\/posts\/1093","targetHints":{"allow":["GET"]}}],"collection":[{"href":"https:\/\/agora.xtec.cat\/ceip-estel-stguim\/wp-json\/wp\/v2\/posts"}],"about":[{"href":"https:\/\/agora.xtec.cat\/ceip-estel-stguim\/wp-json\/wp\/v2\/types\/post"}],"author":[{"embeddable":true,"href":"https:\/\/agora.xtec.cat\/ceip-estel-stguim\/wp-json\/wp\/v2\/users\/1"}],"replies":[{"embeddable":true,"href":"https:\/\/agora.xtec.cat\/ceip-estel-stguim\/wp-json\/wp\/v2\/comments?post=1093"}],"version-history":[{"count":1,"href":"https:\/\/agora.xtec.cat\/ceip-estel-stguim\/wp-json\/wp\/v2\/posts\/1093\/revisions"}],"predecessor-version":[{"id":1094,"href":"https:\/\/agora.xtec.cat\/ceip-estel-stguim\/wp-json\/wp\/v2\/posts\/1093\/revisions\/1094"}],"wp:attachment":[{"href":"https:\/\/agora.xtec.cat\/ceip-estel-stguim\/wp-json\/wp\/v2\/media?parent=1093"}],"wp:term":[{"taxonomy":"category","embeddable":true,"href":"https:\/\/agora.xtec.cat\/ceip-estel-stguim\/wp-json\/wp\/v2\/categories?post=1093"},{"taxonomy":"post_tag","embeddable":true,"href":"https:\/\/agora.xtec.cat\/ceip-estel-stguim\/wp-json\/wp\/v2\/tags?post=1093"}],"curies":[{"name":"wp","href":"https:\/\/api.w.org\/{rel}","templated":true}]}}