{"id":1087,"date":"2016-05-03T09:47:28","date_gmt":"2016-05-03T08:47:28","guid":{"rendered":"http:\/\/agora.xtec.cat\/ceip-estel-stguim\/?p=1087"},"modified":"2016-05-03T09:47:28","modified_gmt":"2016-05-03T08:47:28","slug":"lligar-al-bus","status":"publish","type":"post","link":"https:\/\/agora.xtec.cat\/ceip-estel-stguim\/josep-maria-poblet\/lligar-al-bus\/","title":{"rendered":"Lligar al bus"},"content":{"rendered":"<h2 class=\"western\"><\/h2>\n<p align=\"CENTER\">Veig dempeus a la doneta<\/p>\n<p align=\"CENTER\"><span style=\"font-size: large;\">en un ple autob\u00fas urb\u00e0;<\/span><\/p>\n<p align=\"CENTER\"><span style=\"font-size: large;\">\u00e9s gran, de cop vaig pensar,<\/span><\/p>\n<p align=\"CENTER\"><span style=\"font-size: large;\">val m\u00e9s que no estigui dreta<\/span><\/p>\n<p align=\"CENTER\"><span style=\"font-size: large;\">i li dic: \u201cSeu senyoreta?\u201d<\/span><\/p>\n<p align=\"CENTER\"><span style=\"font-size: large;\">ella cridant contest\u00e0:<\/span><\/p>\n<p align=\"CENTER\">\u201c<span style=\"font-size: large;\">Que pot ser se\u2019m vol lligar?<\/span><\/p>\n<p align=\"CENTER\"><span style=\"font-size: large;\">S\u00f3c senyora i menys grandeta<\/span><\/p>\n<p align=\"CENTER\"><span style=\"font-size: large;\">que vost\u00e8. Resto conf\u00fas,<\/span><\/p>\n<p align=\"CENTER\"><span style=\"font-size: large;\">esmaperdut i badoc<\/span><\/p>\n<p align=\"CENTER\"><span style=\"font-size: large;\">i amb un prop\u00f2sit concret:<\/span><\/p>\n<p align=\"CENTER\"><span style=\"font-size: large;\">que en el futur, jo en el bus<\/span><\/p>\n<p align=\"CENTER\"><span style=\"font-size: large;\">mai m\u00e9s cedir\u00e9 el meu lloc<\/span><\/p>\n<p align=\"CENTER\"><span style=\"font-size: large;\">ni que vegi un difunt dret&#8230;<\/span><\/p>\n<p align=\"CENTER\"><span style=\"font-size: large;\">Sols m\u2019aixeco per prenyades<\/span><\/p>\n<p align=\"CENTER\"><span style=\"font-size: large;\">eixes ja van ben lligades&#8230;<\/span><\/p>\n<p align=\"CENTER\"><span style=\"font-size: large;\">________________<\/span><\/p>\n<p align=\"CENTER\"><span style=\"font-size: large;\">Josep Maria Poblet<\/span><\/p>\n<p align=\"CENTER\"><span style=\"font-size: large;\">Barcelona. Juny 2004<\/span><\/p>\n","protected":false},"excerpt":{"rendered":"<p>Veig dempeus a la doneta en un ple autob\u00fas urb\u00e0; \u00e9s gran, de cop vaig pensar, val m\u00e9s que no [&hellip;]<\/p>\n","protected":false},"author":1,"featured_media":0,"comment_status":"open","ping_status":"open","sticky":false,"template":"","format":"standard","meta":{"_bbp_topic_count":0,"_bbp_reply_count":0,"_bbp_total_topic_count":0,"_bbp_total_reply_count":0,"_bbp_voice_count":0,"_bbp_anonymous_reply_count":0,"_bbp_topic_count_hidden":0,"_bbp_reply_count_hidden":0,"_bbp_forum_subforum_count":0,"site-sidebar-layout":"default","site-content-layout":"","ast-site-content-layout":"","site-content-style":"default","site-sidebar-style":"default","ast-global-header-display":"","ast-banner-title-visibility":"","ast-main-header-display":"","ast-hfb-above-header-display":"","ast-hfb-below-header-display":"","ast-hfb-mobile-header-display":"","site-post-title":"","ast-breadcrumbs-content":"","ast-featured-img":"","footer-sml-layout":"","theme-transparent-header-meta":"","adv-header-id-meta":"","stick-header-meta":"","header-above-stick-meta":"","header-main-stick-meta":"","header-below-stick-meta":"","astra-migrate-meta-layouts":"default","ast-page-background-enabled":"default","ast-page-background-meta":{"desktop":{"background-color":"var(--ast-global-color-4)","background-image":"","background-repeat":"repeat","background-position":"center center","background-size":"auto","background-attachment":"scroll","background-type":"","background-media":"","overlay-type":"","overlay-color":"","overlay-opacity":"","overlay-gradient":""},"tablet":{"background-color":"","background-image":"","background-repeat":"repeat","background-position":"center center","background-size":"auto","background-attachment":"scroll","background-type":"","background-media":"","overlay-type":"","overlay-color":"","overlay-opacity":"","overlay-gradient":""},"mobile":{"background-color":"","background-image":"","background-repeat":"repeat","background-position":"center center","background-size":"auto","background-attachment":"scroll","background-type":"","background-media":"","overlay-type":"","overlay-color":"","overlay-opacity":"","overlay-gradient":""}},"ast-content-background-meta":{"desktop":{"background-color":"var(--ast-global-color-5)","background-image":"","background-repeat":"repeat","background-position":"center center","background-size":"auto","background-attachment":"scroll","background-type":"","background-media":"","overlay-type":"","overlay-color":"","overlay-opacity":"","overlay-gradient":""},"tablet":{"background-color":"var(--ast-global-color-5)","background-image":"","background-repeat":"repeat","background-position":"center center","background-size":"auto","background-attachment":"scroll","background-type":"","background-media":"","overlay-type":"","overlay-color":"","overlay-opacity":"","overlay-gradient":""},"mobile":{"background-color":"var(--ast-global-color-5)","background-image":"","background-repeat":"repeat","background-position":"center center","background-size":"auto","background-attachment":"scroll","background-type":"","background-media":"","overlay-type":"","overlay-color":"","overlay-opacity":"","overlay-gradient":""}},"footnotes":""},"categories":[61],"tags":[],"class_list":["post-1087","post","type-post","status-publish","format-standard","hentry","category-josep-maria-poblet"],"post_mailing_queue_ids":[],"_links":{"self":[{"href":"https:\/\/agora.xtec.cat\/ceip-estel-stguim\/wp-json\/wp\/v2\/posts\/1087","targetHints":{"allow":["GET"]}}],"collection":[{"href":"https:\/\/agora.xtec.cat\/ceip-estel-stguim\/wp-json\/wp\/v2\/posts"}],"about":[{"href":"https:\/\/agora.xtec.cat\/ceip-estel-stguim\/wp-json\/wp\/v2\/types\/post"}],"author":[{"embeddable":true,"href":"https:\/\/agora.xtec.cat\/ceip-estel-stguim\/wp-json\/wp\/v2\/users\/1"}],"replies":[{"embeddable":true,"href":"https:\/\/agora.xtec.cat\/ceip-estel-stguim\/wp-json\/wp\/v2\/comments?post=1087"}],"version-history":[{"count":1,"href":"https:\/\/agora.xtec.cat\/ceip-estel-stguim\/wp-json\/wp\/v2\/posts\/1087\/revisions"}],"predecessor-version":[{"id":1088,"href":"https:\/\/agora.xtec.cat\/ceip-estel-stguim\/wp-json\/wp\/v2\/posts\/1087\/revisions\/1088"}],"wp:attachment":[{"href":"https:\/\/agora.xtec.cat\/ceip-estel-stguim\/wp-json\/wp\/v2\/media?parent=1087"}],"wp:term":[{"taxonomy":"category","embeddable":true,"href":"https:\/\/agora.xtec.cat\/ceip-estel-stguim\/wp-json\/wp\/v2\/categories?post=1087"},{"taxonomy":"post_tag","embeddable":true,"href":"https:\/\/agora.xtec.cat\/ceip-estel-stguim\/wp-json\/wp\/v2\/tags?post=1087"}],"curies":[{"name":"wp","href":"https:\/\/api.w.org\/{rel}","templated":true}]}}