{"id":1084,"date":"2016-05-03T09:42:41","date_gmt":"2016-05-03T08:42:41","guid":{"rendered":"http:\/\/agora.xtec.cat\/ceip-estel-stguim\/?p=1084"},"modified":"2016-05-03T09:44:42","modified_gmt":"2016-05-03T08:44:42","slug":"ades-i-futur","status":"publish","type":"post","link":"https:\/\/agora.xtec.cat\/ceip-estel-stguim\/josep-maria-poblet\/ades-i-futur\/","title":{"rendered":"Arguments"},"content":{"rendered":"<p align=\"CENTER\"><span style=\"font-size: x-large;\">L\u2019analfabet i el lletrat,<\/span><\/p>\n<p align=\"CENTER\"><span style=\"font-size: x-large;\">ambd\u00f3s, sense distinci\u00f3,<\/span><\/p>\n<p align=\"CENTER\"><span style=\"font-size: x-large;\">escriuen amb precisi\u00f3<\/span><\/p>\n<p align=\"CENTER\"><span style=\"font-size: x-large;\">el text personalitzat<\/span><\/p>\n<p align=\"CENTER\"><span style=\"font-size: x-large;\">d\u2019un llibre amb t\u00edtol privat:<\/span><\/p>\n<p align=\"CENTER\"><span style=\"font-size: x-large;\">historia, vida i gui\u00f3<\/span><\/p>\n<p align=\"CENTER\"><span style=\"font-size: x-large;\">del qui neix, fins que el tel\u00f3<\/span><\/p>\n<p align=\"CENTER\"><span style=\"font-size: x-large;\">cau i fi&#8230;drama acabat.<\/span><\/p>\n<p align=\"CENTER\"><span style=\"font-size: x-large;\">Quina muni\u00f3 d\u2019experi\u00e8ncies<\/span><\/p>\n<p align=\"CENTER\"><span style=\"font-size: x-large;\">quants desenganys i il\u00b7lusions<\/span><\/p>\n<p align=\"CENTER\"><span style=\"font-size: x-large;\">escrits a tall d\u2019esborranc,<\/span><\/p>\n<p align=\"CENTER\"><span style=\"font-size: x-large;\">dissortat qui no ha viv\u00e8ncies<\/span><\/p>\n<p align=\"CENTER\"><span style=\"font-size: x-large;\">i alterna la narraci\u00f3<\/span><\/p>\n<p align=\"CENTER\"><span style=\"font-size: x-large;\">del seu llibre&#8230;amb fulls en blanc.<\/span><\/p>\n<p align=\"CENTER\"><span style=\"font-size: x-large;\">La vida crea arguments<\/span><\/p>\n<p align=\"CENTER\"><span style=\"font-size: x-large;\">sublims, neutres i dolents.<\/span><\/p>\n<p align=\"CENTER\"><span style=\"font-size: x-large;\">_____________________<\/span><\/p>\n<p align=\"CENTER\"><span style=\"font-size: x-large;\">Josep Maria Poblet<\/span><\/p>\n<p align=\"CENTER\"><span style=\"font-size: x-large;\">Barcelona. Setembre 2004<\/span><\/p>\n","protected":false},"excerpt":{"rendered":"<p>L\u2019analfabet i el lletrat, ambd\u00f3s, sense distinci\u00f3, escriuen amb precisi\u00f3 el text personalitzat d\u2019un llibre amb t\u00edtol privat: historia, vida [&hellip;]<\/p>\n","protected":false},"author":1,"featured_media":0,"comment_status":"open","ping_status":"open","sticky":false,"template":"","format":"standard","meta":{"_bbp_topic_count":0,"_bbp_reply_count":0,"_bbp_total_topic_count":0,"_bbp_total_reply_count":0,"_bbp_voice_count":0,"_bbp_anonymous_reply_count":0,"_bbp_topic_count_hidden":0,"_bbp_reply_count_hidden":0,"_bbp_forum_subforum_count":0,"site-sidebar-layout":"default","site-content-layout":"","ast-site-content-layout":"","site-content-style":"default","site-sidebar-style":"default","ast-global-header-display":"","ast-banner-title-visibility":"","ast-main-header-display":"","ast-hfb-above-header-display":"","ast-hfb-below-header-display":"","ast-hfb-mobile-header-display":"","site-post-title":"","ast-breadcrumbs-content":"","ast-featured-img":"","footer-sml-layout":"","theme-transparent-header-meta":"","adv-header-id-meta":"","stick-header-meta":"","header-above-stick-meta":"","header-main-stick-meta":"","header-below-stick-meta":"","astra-migrate-meta-layouts":"default","ast-page-background-enabled":"default","ast-page-background-meta":{"desktop":{"background-color":"var(--ast-global-color-4)","background-image":"","background-repeat":"repeat","background-position":"center center","background-size":"auto","background-attachment":"scroll","background-type":"","background-media":"","overlay-type":"","overlay-color":"","overlay-opacity":"","overlay-gradient":""},"tablet":{"background-color":"","background-image":"","background-repeat":"repeat","background-position":"center center","background-size":"auto","background-attachment":"scroll","background-type":"","background-media":"","overlay-type":"","overlay-color":"","overlay-opacity":"","overlay-gradient":""},"mobile":{"background-color":"","background-image":"","background-repeat":"repeat","background-position":"center center","background-size":"auto","background-attachment":"scroll","background-type":"","background-media":"","overlay-type":"","overlay-color":"","overlay-opacity":"","overlay-gradient":""}},"ast-content-background-meta":{"desktop":{"background-color":"var(--ast-global-color-5)","background-image":"","background-repeat":"repeat","background-position":"center center","background-size":"auto","background-attachment":"scroll","background-type":"","background-media":"","overlay-type":"","overlay-color":"","overlay-opacity":"","overlay-gradient":""},"tablet":{"background-color":"var(--ast-global-color-5)","background-image":"","background-repeat":"repeat","background-position":"center center","background-size":"auto","background-attachment":"scroll","background-type":"","background-media":"","overlay-type":"","overlay-color":"","overlay-opacity":"","overlay-gradient":""},"mobile":{"background-color":"var(--ast-global-color-5)","background-image":"","background-repeat":"repeat","background-position":"center center","background-size":"auto","background-attachment":"scroll","background-type":"","background-media":"","overlay-type":"","overlay-color":"","overlay-opacity":"","overlay-gradient":""}},"footnotes":""},"categories":[61],"tags":[],"class_list":["post-1084","post","type-post","status-publish","format-standard","hentry","category-josep-maria-poblet"],"post_mailing_queue_ids":[],"_links":{"self":[{"href":"https:\/\/agora.xtec.cat\/ceip-estel-stguim\/wp-json\/wp\/v2\/posts\/1084","targetHints":{"allow":["GET"]}}],"collection":[{"href":"https:\/\/agora.xtec.cat\/ceip-estel-stguim\/wp-json\/wp\/v2\/posts"}],"about":[{"href":"https:\/\/agora.xtec.cat\/ceip-estel-stguim\/wp-json\/wp\/v2\/types\/post"}],"author":[{"embeddable":true,"href":"https:\/\/agora.xtec.cat\/ceip-estel-stguim\/wp-json\/wp\/v2\/users\/1"}],"replies":[{"embeddable":true,"href":"https:\/\/agora.xtec.cat\/ceip-estel-stguim\/wp-json\/wp\/v2\/comments?post=1084"}],"version-history":[{"count":2,"href":"https:\/\/agora.xtec.cat\/ceip-estel-stguim\/wp-json\/wp\/v2\/posts\/1084\/revisions"}],"predecessor-version":[{"id":1086,"href":"https:\/\/agora.xtec.cat\/ceip-estel-stguim\/wp-json\/wp\/v2\/posts\/1084\/revisions\/1086"}],"wp:attachment":[{"href":"https:\/\/agora.xtec.cat\/ceip-estel-stguim\/wp-json\/wp\/v2\/media?parent=1084"}],"wp:term":[{"taxonomy":"category","embeddable":true,"href":"https:\/\/agora.xtec.cat\/ceip-estel-stguim\/wp-json\/wp\/v2\/categories?post=1084"},{"taxonomy":"post_tag","embeddable":true,"href":"https:\/\/agora.xtec.cat\/ceip-estel-stguim\/wp-json\/wp\/v2\/tags?post=1084"}],"curies":[{"name":"wp","href":"https:\/\/api.w.org\/{rel}","templated":true}]}}