{"id":1048,"date":"2016-05-04T13:04:05","date_gmt":"2016-05-04T12:04:05","guid":{"rendered":"http:\/\/agora.xtec.cat\/ceip-estel-stguim\/?p=1048"},"modified":"2016-06-01T12:43:39","modified_gmt":"2016-06-01T11:43:39","slug":"el-laberint-de-la-responsabilitat","status":"publish","type":"post","link":"https:\/\/agora.xtec.cat\/ceip-estel-stguim\/treballant-la-responsabilitat\/el-laberint-de-la-responsabilitat\/","title":{"rendered":"EL LABERINT DE LA RESPONSABILITAT"},"content":{"rendered":"<p>Aquesta activitat pot fer-se als tres cicles de Prim\u00e0ria, adaptant-la a les necessitats de cada classe.<br \/>\nOBJECTIUS<br \/>\n\u25cf Ser conscients de la import\u00e0ncia de ser responsables amb els altres.<br \/>\nMATERIALS<br \/>\n\u25cf Laberint.<br \/>\n\u25cf Mocadors per embenar els ulls.<br \/>\nTEMPORITZACI\u00d3<br \/>\n\u25cf Una sessi\u00f3.<br \/>\nDESENVOLUPAMENT<br \/>\nA judici de l&#8217;educador, pot ambientar-se l&#8217;activitat comentant la hist\u00f2ria del laberint del Minotaure.<br \/>\n1a fase: realitzaci\u00f3 de l&#8217;activitat<br \/>\n\u25cf Dividir els alumnes en grups de quatre. Dins cadascun dels grups es numeren de l&#8217;1 al 4.<br \/>\n\u25cf En cada grup, totes les persones que tenen el n\u00famero 1 faran d\u00b4\u201cAriadnes\u201d o alliberadors, els 2 i 3\u00a0seran \u201cTeseus\u201d presoners al laberint, i els que tinguin el 4 seran observadors. Els alliberadors han\u00a0d&#8217;aconseguir que els presoners surtin del laberint guiant-los mitjan\u00e7ant les ordres verbals\u00a0adequades.<br \/>\nComentar en veu alta quina \u00e9s la seva tasca a cadascun dels n\u00fameros.<br \/>\n\u25d7 Els n\u00fameros 1, els alliberadors, hauran de dirigir els presoners perqu\u00e8 aquests, seguint la ruta\u00a0amb un llapis, puguin trobar la sortida del laberint.<br \/>\n\u25d7 Els n\u00fameros 2 i 3, seran els presoners del laberint. Tindran els ulls tapats i hauran de trobar\u00a0la sortida seguint les ordres verbals dels alliberadors.<br \/>\n\u25d7 Els n\u00fameros 4 seran observadors, que han d&#8217;estar atents que els \u201cpresoners\u201d en escapar no\u00a0toquin amb el llapis m\u00e9s de tres vegades alguna de les parets. En el cas que sigui aix\u00ed, aquesta\u00a0persona quedar\u00e0 atrapada al laberint. Tamb\u00e9 es fixaran en tot el que succeeixi entre\u00a0alliberadors i presoners (converses, forma de donar les ordres, comentaris&#8230;)<br \/>\n\u25cf Deixar els alliberadors una estona perqu\u00e8 estudi\u00efn el pla a seguir i la manera en qu\u00e8 donaran les\u00a0ordres als presoners. Mentrestant, tapem els ulls als presoners.<br \/>\nEl laberint de la\u00a0responsabilitat<\/p>\n<p>FITXA 2<br \/>\n\u25cf Segons els cicles, l&#8217;activitat es pot fer de diferents maneres, establint diferents nivells de dificultat:<br \/>\n\u25d7 Deixant temps il\u00b7limitat, perqu\u00e8 primer un i despr\u00e9s l&#8217;altre presoner escapin o toquin m\u00e9s de\u00a0tres vegades.<br \/>\n\u25d7 Establint un temps l\u00edmit per a cadascun dels presoners.<br \/>\n\u25d7 Fent que l&#8217;alliberador dirigeixi els dos presoners alhora.<\/p>\n<p>2a fase: reflexi\u00f3 en grup gran<br \/>\nComentar amb els alumnes el que han fet i sentit durant l\u2019activitat.<br \/>\n\u25cf Els observadors comenten el que han vist en el grup: la manera en qu\u00e8 l&#8217;alliberador ha dirigit els\u00a0altres, si els ha donat \u00e0nims, si han estat ordres fredes, si s&#8217;ha enutjat amb ells quan no ho feien<br \/>\nb\u00e9,\u2026.<br \/>\n\u25cf Els presoners expressen el que han sentit; si van pensar en la sensaci\u00f3 d&#8217;haver de confiar la seva\u00a0vida i la seva llibertat a les mans d&#8217;una altra persona.<br \/>\n\u25cf Els alliberadors han d&#8217;expressar com s&#8217;han sentit amb aquesta responsabilitat a les seves mans, i qu\u00e8\u00a0han sentit quan els presoners aconseguien o no escapar del laberint.<br \/>\n\u25cf Preguntar als nois i noies si tenen en la vida di\u00e0ria, moments en qu\u00e8 s\u00f3n responsables d&#8217;altres.<br \/>\n\u25cf Acabar incidint en la idea de la responsabilitat que molt sovint tenim cap als altres i com hem de\u00a0sentir-la i posar-la en pr\u00e0ctica.<\/p>\n<p><em>FITXES D\u2019ACTIVITATS (annexos)<\/em><\/p>\n<p style=\"text-align: center;\"><strong>LABERINT<\/strong><\/p>\n<p><a href=\"http:\/\/agora.xtec.cat\/ceip-estel-stguim\/wp-content\/uploads\/usu237\/2016\/04\/laberint.png\"><img loading=\"lazy\" decoding=\"async\" class=\"alignnone size-full wp-image-1215\" src=\"http:\/\/agora.xtec.cat\/ceip-estel-stguim\/wp-content\/uploads\/usu237\/2016\/04\/laberint.png\" alt=\"laberint\" width=\"989\" height=\"836\" srcset=\"https:\/\/agora.xtec.cat\/ceip-estel-stguim\/wp-content\/uploads\/usu237\/2016\/04\/laberint.png 989w, https:\/\/agora.xtec.cat\/ceip-estel-stguim\/wp-content\/uploads\/usu237\/2016\/04\/laberint-300x254.png 300w\" sizes=\"auto, (max-width: 989px) 100vw, 989px\" \/><\/a><\/p>\n<p>&nbsp;<\/p>\n<p style=\"text-align: center;\"><strong>LA LLEGENDA DEL LABERINT<\/strong><\/p>\n<p>Per amagar el seu fill Minotaure, que era un monstre de cos hum\u00e0 i cap de toro,\u00a0el rei de Creta, Minos, va manar a D\u00e8dal construir un laberint, perqu\u00e8 ning\u00fa no\u00a0el vei\u00e9s mai.<br \/>\nPer\u00f2 Minotaure s\u2019alimentava de carn humana, per la qual cosa cada cert temps li\u00a0eren entregats set joves en sacrifici, pertanyents a una de les ciutats vassalles de\u00a0Creta.<br \/>\nUna d&#8217;aquestes era Atenes i Teseu, el fill d&#8217;Egeu el rei aten\u00e8s, en veure aquesta\u00a0injust\u00edcia, va decidir ser un dels set joves i matar el Minotaure. Va partir des de la\u00a0seva terra en una nau amb veles negres, i si la seva missi\u00f3 tenia \u00e8xit, haurien de\u00a0canviar-ne el color pel blanc a la tornada.<br \/>\nEn arribar a Creta i ser portats al palau, Ariadna, la filla de Minos, es va enamorar\u00a0de Teseu i, abans que el jove entr\u00e9s al laberint del Minotaure, amb la promesa que\u00a0la portaria amb ell com a esposa seva a Atenes, li va donar un cabdell de fil i li va\u00a0aconsellar que lligu\u00e9s un extrem a l\u2019entrada del laberint i que l\u2019an\u00e9s desembolicant<br \/>\na mesura que avanc\u00e9s per no perdre el seu cam\u00ed.<br \/>\nTeseu va aconseguir v\u00e8ncer i matar el Minotaure a cops de puny i va alliberar els\u00a0seus companys. Tot seguit van escapar, sense ser vistos, juntament amb Ariadna.<br \/>\nNo obstant aix\u00f2, arribats a Naxos, una de les escales del seu viatge, Teseu va\u00a0abandonar Ariadna, seguint les ordres del d\u00e9u Dion\u00eds que volia casar-se amb ella.<br \/>\nTot marxava molt b\u00e9 i els viatgers, entusiasmats amb la tornada, van oblidar de\u00a0canviar les veles negres per les blanques de l&#8217;alegria.<br \/>\nL&#8217;infeli\u00e7 rei Egeu, va albirar el vaixell a la llunyania i veient que t\u00e8nia enarborat el\u00a0velam negre, va donar per segura la mort del seu fill i es va llan\u00e7ar al mar, que des\u00a0de llavors es denomina Mar Egeu.<\/p>\n","protected":false},"excerpt":{"rendered":"<p>Aquesta activitat pot fer-se als tres cicles de Prim\u00e0ria, adaptant-la a les necessitats de cada classe. OBJECTIUS \u25cf Ser conscients [&hellip;]<\/p>\n","protected":false},"author":8,"featured_media":1563,"comment_status":"open","ping_status":"open","sticky":false,"template":"","format":"standard","meta":{"_bbp_topic_count":0,"_bbp_reply_count":0,"_bbp_total_topic_count":0,"_bbp_total_reply_count":0,"_bbp_voice_count":0,"_bbp_anonymous_reply_count":0,"_bbp_topic_count_hidden":0,"_bbp_reply_count_hidden":0,"_bbp_forum_subforum_count":0,"site-sidebar-layout":"default","site-content-layout":"","ast-site-content-layout":"","site-content-style":"default","site-sidebar-style":"default","ast-global-header-display":"","ast-banner-title-visibility":"","ast-main-header-display":"","ast-hfb-above-header-display":"","ast-hfb-below-header-display":"","ast-hfb-mobile-header-display":"","site-post-title":"","ast-breadcrumbs-content":"","ast-featured-img":"","footer-sml-layout":"","theme-transparent-header-meta":"","adv-header-id-meta":"","stick-header-meta":"","header-above-stick-meta":"","header-main-stick-meta":"","header-below-stick-meta":"","astra-migrate-meta-layouts":"default","ast-page-background-enabled":"default","ast-page-background-meta":{"desktop":{"background-color":"var(--ast-global-color-4)","background-image":"","background-repeat":"repeat","background-position":"center center","background-size":"auto","background-attachment":"scroll","background-type":"","background-media":"","overlay-type":"","overlay-color":"","overlay-opacity":"","overlay-gradient":""},"tablet":{"background-color":"","background-image":"","background-repeat":"repeat","background-position":"center center","background-size":"auto","background-attachment":"scroll","background-type":"","background-media":"","overlay-type":"","overlay-color":"","overlay-opacity":"","overlay-gradient":""},"mobile":{"background-color":"","background-image":"","background-repeat":"repeat","background-position":"center center","background-size":"auto","background-attachment":"scroll","background-type":"","background-media":"","overlay-type":"","overlay-color":"","overlay-opacity":"","overlay-gradient":""}},"ast-content-background-meta":{"desktop":{"background-color":"var(--ast-global-color-5)","background-image":"","background-repeat":"repeat","background-position":"center center","background-size":"auto","background-attachment":"scroll","background-type":"","background-media":"","overlay-type":"","overlay-color":"","overlay-opacity":"","overlay-gradient":""},"tablet":{"background-color":"var(--ast-global-color-5)","background-image":"","background-repeat":"repeat","background-position":"center center","background-size":"auto","background-attachment":"scroll","background-type":"","background-media":"","overlay-type":"","overlay-color":"","overlay-opacity":"","overlay-gradient":""},"mobile":{"background-color":"var(--ast-global-color-5)","background-image":"","background-repeat":"repeat","background-position":"center center","background-size":"auto","background-attachment":"scroll","background-type":"","background-media":"","overlay-type":"","overlay-color":"","overlay-opacity":"","overlay-gradient":""}},"footnotes":""},"categories":[56],"tags":[],"class_list":["post-1048","post","type-post","status-publish","format-standard","has-post-thumbnail","hentry","category-treballant-la-responsabilitat"],"post_mailing_queue_ids":[],"_links":{"self":[{"href":"https:\/\/agora.xtec.cat\/ceip-estel-stguim\/wp-json\/wp\/v2\/posts\/1048","targetHints":{"allow":["GET"]}}],"collection":[{"href":"https:\/\/agora.xtec.cat\/ceip-estel-stguim\/wp-json\/wp\/v2\/posts"}],"about":[{"href":"https:\/\/agora.xtec.cat\/ceip-estel-stguim\/wp-json\/wp\/v2\/types\/post"}],"author":[{"embeddable":true,"href":"https:\/\/agora.xtec.cat\/ceip-estel-stguim\/wp-json\/wp\/v2\/users\/8"}],"replies":[{"embeddable":true,"href":"https:\/\/agora.xtec.cat\/ceip-estel-stguim\/wp-json\/wp\/v2\/comments?post=1048"}],"version-history":[{"count":1,"href":"https:\/\/agora.xtec.cat\/ceip-estel-stguim\/wp-json\/wp\/v2\/posts\/1048\/revisions"}],"predecessor-version":[{"id":1217,"href":"https:\/\/agora.xtec.cat\/ceip-estel-stguim\/wp-json\/wp\/v2\/posts\/1048\/revisions\/1217"}],"wp:featuredmedia":[{"embeddable":true,"href":"https:\/\/agora.xtec.cat\/ceip-estel-stguim\/wp-json\/wp\/v2\/media\/1563"}],"wp:attachment":[{"href":"https:\/\/agora.xtec.cat\/ceip-estel-stguim\/wp-json\/wp\/v2\/media?parent=1048"}],"wp:term":[{"taxonomy":"category","embeddable":true,"href":"https:\/\/agora.xtec.cat\/ceip-estel-stguim\/wp-json\/wp\/v2\/categories?post=1048"},{"taxonomy":"post_tag","embeddable":true,"href":"https:\/\/agora.xtec.cat\/ceip-estel-stguim\/wp-json\/wp\/v2\/tags?post=1048"}],"curies":[{"name":"wp","href":"https:\/\/api.w.org\/{rel}","templated":true}]}}