{"id":1036,"date":"2016-04-22T10:18:23","date_gmt":"2016-04-22T09:18:23","guid":{"rendered":"http:\/\/agora.xtec.cat\/ceip-estel-stguim\/?p=1036"},"modified":"2016-04-22T10:18:23","modified_gmt":"2016-04-22T09:18:23","slug":"el-saltiro-valent","status":"publish","type":"post","link":"https:\/\/agora.xtec.cat\/ceip-estel-stguim\/sant-jordi\/el-saltiro-valent\/","title":{"rendered":"El Saltir\u00f3 valent"},"content":{"rendered":"<p align=\"justify\"><span style=\"font-family: Comic Sans MS,cursive;\"><span style=\"font-size: x-large;\">Un gran dia assolellat de principis d&#8217;estiu, al bosc de Sant Guim de Freixenet, hi havia un conillet anomenat Saltir\u00f3. <\/span><\/span><\/p>\n<p align=\"justify\"><span style=\"font-family: Comic Sans MS,cursive;\"><span style=\"font-size: x-large;\">En Saltir\u00f3 era gris amb les orelles, la panxa i la cua blanques. El seu p\u00e8l era suau com el cot\u00f3 fluix. Tenia uns ulls marrons i petits que miraven amb sorpresa tot el que hi havia al voltant seu.<\/span><\/span><\/p>\n<p align=\"justify\"><span style=\"font-family: Comic Sans MS,cursive;\"><span style=\"font-size: x-large;\">No parava de moure el musell per evitar que les dents li creixessin massa.<\/span><\/span><\/p>\n<p align=\"justify\"><span style=\"font-family: Comic Sans MS,cursive;\"><span style=\"font-size: x-large;\">Des de ben petit havia apr\u00e8s a fer grans salts sobre les potes de darrere i per aquest motiu, la seva fam\u00edlia, li va posar el nom de Saltir\u00f3.<\/span><\/span><\/p>\n<p align=\"justify\"><span style=\"font-family: Comic Sans MS,cursive;\"><span style=\"font-size: x-large;\">Com que encara era jove, no havia sortit mai del bosc on havia nascut.<\/span><\/span><\/p>\n<p align=\"justify\"><span style=\"font-family: Comic Sans MS,cursive;\"><span style=\"font-size: x-large;\">Era un bosc gran, verd, ple d&#8217;arbres i flors. Estava habitat per molts animals: conills, esquirols, c\u00e9rvols, formigues, papallones, erugues, senglars, marietes, escarabats, mallerengues, pica-soques, cucs,&#8230; <\/span><\/span><\/p>\n<p align=\"justify\"><span style=\"font-family: Comic Sans MS,cursive;\"><span style=\"font-size: x-large;\">En Saltir\u00f3 vivia amb la seva fam\u00edlia: la mare es deia Flor, el pare Tut i els seus germans, Poruc, Astut, T\u00edmid, Rondinaire i Dormilega.<\/span><\/span><\/p>\n<p align=\"justify\"><span style=\"font-family: Comic Sans MS,cursive;\"><span style=\"font-size: x-large;\">Tots els animals del bosc vivien feli\u00e7os perqu\u00e8 no els faltava de res. Tenien menjar i llocs on estar-se.<\/span><\/span><\/p>\n<p align=\"justify\"><span style=\"font-family: Comic Sans MS,cursive;\"><span style=\"font-size: xx-large;\"><span style=\"font-size: x-large;\">Tenien una vida tranquil\u00b7la i sense complicacions en aquell meravell\u00f3s bosc.<\/span> <\/span><\/span><\/p>\n<ul>\n<li>\n<p align=\"justify\"><span style=\"font-family: Comic Sans MS,cursive;\"><span style=\"font-size: x-large;\">Dem\u00e0 \u00e9s Sant Joan! \u2013 va dir il\u00b7lusionat el pare Tut. <\/span><\/span><\/p>\n<\/li>\n<li>\n<p align=\"justify\"><span style=\"font-family: Comic Sans MS,cursive;\"><span style=\"font-size: x-large;\">S\u00ed!! \u2013 va exclamar el Saltir\u00f3 tot content fent cabrioles. <\/span><\/span><\/p>\n<\/li>\n<li>\n<p align=\"justify\"><span style=\"font-family: Comic Sans MS,cursive;\"><span style=\"font-size: x-large;\">No, no! Quina por! \u2013 va expressar el Poruc amagant-se sota les seves orelles. <\/span><\/span><\/p>\n<\/li>\n<li>\n<p align=\"justify\"><span style=\"font-family: Comic Sans MS,cursive;\"><span style=\"font-size: x-large;\">Mmm&#8230; \u2013 va dubtar l\u2019Astut tot rumiant \u2013 Sant Joan \u00e9s divertit per\u00f2 pot resultar perill\u00f3s. <\/span><\/span><\/p>\n<\/li>\n<li>\n<p align=\"justify\"><span style=\"font-family: Comic Sans MS,cursive;\"><span style=\"font-size: x-large;\">I per qu\u00e8 hem de celebrar Sant Joan? &#8211; Va protestar el Rondinaire arronsant el musell i arquejant les orelles. <\/span><\/span><\/p>\n<\/li>\n<li>\n<p lang=\"es-ES\" align=\"justify\"><span style=\"font-family: Comic Sans MS,cursive;\"><span style=\"font-size: x-large;\"><span lang=\"ca-ES\">Ai quina mandra! Oaah&#8230; \u2013 va badallar estirant les orelles i les potetes, el Dormilega- Dem\u00e0 no podr\u00e9 dormir amb tant d&#8217;enrenou.<\/span><\/span><\/span><\/p>\n<\/li>\n<li>\n<p align=\"justify\"><span style=\"font-family: Comic Sans MS,cursive;\"><span style=\"font-size: x-large;\">I tu, T\u00edmid? Voldr\u00e0s sortir a veure els focs amb tots nosaltres? \u2013 va preguntar suaument la mare Flor mentre li acaronava les orelletes.<\/span><\/span><\/p>\n<\/li>\n<li>\n<p lang=\"es-ES\" align=\"justify\"><span style=\"font-family: Comic Sans MS,cursive;\"><span style=\"font-size: x-large;\"><span lang=\"ca-ES\">S\u00ed&#8230;no&#8230;no ho s\u00e9&#8230;mm&#8230; \u2013 va murmurar amagant-se darrere seu.<\/span><\/span><\/span><\/p>\n<\/li>\n<\/ul>\n<p class=\"western\" align=\"justify\">\n<p class=\"western\" lang=\"es-ES\" align=\"justify\"><span style=\"font-family: Comic Sans MS,cursive;\"><span style=\"font-size: x-large;\"><span lang=\"ca-ES\">L\u2019endem\u00e0, al capvespre, el Saltir\u00f3 i la seva fam\u00edlia es van dirigir cap a un petit tur\u00f3 des d\u2019on podien veure i sentir millor l\u2019espectacle de foc i artifici dels diables Set de Foc. Van comen\u00e7ar a sentir uns sorolls eixordadors de petards, coets, piules, traques, fonts de foc&#8230; i una gentada saltant, ballant, fugint, cridant, corrent&#8230; Els animals del bosc van anar arribant, alguns sorpresos i altres espantats amb tot aquell enrenou. Quin batibull!<\/span><\/span><\/span><\/p>\n<p class=\"western\" align=\"justify\"><span style=\"font-family: Comic Sans MS,cursive;\"><span style=\"font-size: x-large;\">El Saltir\u00f3 va veure com un grup de nens i nenes s\u2019acostaven cada cop m\u00e9s al bosc. El m\u00e9s gran del grup portava una bossa a la m\u00e0 plena de petards i coets de tota mena, que anaven tirant a tort i a dret. Un dels coets va espetegar contra un pi i va anar a parar a un munt de fullaraca que es va encendre immediatament. El vent va arrossegar les fulles i el foc es va comen\u00e7ar a escampar. Els nens espantats i nerviosos van anar corrent a avisar els pares i una patrulla d\u2019ADF que vigilaven la zona. Mentrestant, els animals del bosc, preocupats, intentaven trobar una soluci\u00f3. De sobte el Saltir\u00f3 va pensar amb la font del Guilella i va dir: <\/span><\/span><\/p>\n<ul>\n<li>\n<p align=\"justify\"><span style=\"font-family: Comic Sans MS,cursive;\"><span style=\"font-size: x-large;\">Tinc una idea! Correu! Seguiu-me! \u2013 i els va conduir cap a la font. Un cop all\u00ed els va explicar el pla:<\/span><\/span><\/p>\n<\/li>\n<li>\n<p align=\"justify\"><span style=\"font-family: Comic Sans MS,cursive;\"><span style=\"font-size: x-large;\">Va, fem una cadena per transportar l\u2019aigua fins al foc. Posem-nos en fila r\u00e0pidament i busquem objectes que ens puguin servir.<\/span><\/span><\/p>\n<\/li>\n<li>\n<p align=\"justify\"><span style=\"font-family: Comic Sans MS,cursive;\"><span style=\"font-size: x-large;\">S\u00e9 on trobar unes galledes! Ja hi vaig jo! \u2013 va exclamar l\u2019Astut. <\/span><\/span><\/p>\n<\/li>\n<\/ul>\n<p class=\"western\" align=\"justify\"><span style=\"font-family: Comic Sans MS,cursive;\"><span style=\"font-size: x-large;\">I van comen\u00e7ar a intentar apagar el foc. En aquell moment van arribar els bombers acompanyats dels ADF i alguns voluntaris. Les flames anaven creixent i el foc s\u2019anava descontrolant. Un n\u00favol de fum tenyia de negre el bosc. Els bombers van passar a l\u2019acci\u00f3 fent un desplegament de m\u00e0negues. El Saltir\u00f3, en veure\u2019ls, en va agafar una, es va enfilar a la branca m\u00e9s alta d\u2019un roure gegant i va comen\u00e7ar a ruixar en\u00e8rgicament la zona de l\u2019incendi.<\/span><\/span><\/p>\n<p class=\"western\" lang=\"ca-ES\" align=\"justify\"><span style=\"font-family: Comic Sans MS,serif;\"><span style=\"font-size: x-large;\">Malauradament el foc s\u2019estenia . De sobte el Saltir\u00f3 va recordar el que el seu germ\u00e0 Astut li havia explicat sobre el subs\u00f2l del bosc. Resulta que a sota terra hi havia aigua estancada per\u00f2 ning\u00fa l\u2019havia vista mai. <\/span><\/span><\/p>\n<p class=\"western\" lang=\"ca-ES\" align=\"justify\"><span style=\"font-family: Comic Sans MS,serif;\"><span style=\"font-size: x-large;\">El Saltir\u00f3 va deixar la m\u00e0nega i va cridar a tots els animals excavadors (talps, conills, teixons, guineus, porcs senglars\u2026) per tal de perforar i trobar l\u2019aigua miraculosa.<\/span><\/span><\/p>\n<p class=\"western\" lang=\"ca-ES\" align=\"justify\"><span style=\"font-family: Comic Sans MS,serif;\"><span style=\"font-size: x-large;\">El Saltir\u00f3 va sentir un crit que li era familiar. Va al\u00e7ar el cap i va veure que dalt d\u2019un arbre hi havia una conilleta bufona. Era la seva amiga Blanqueta! Estava en perill perqu\u00e8 la branca en la qual estava penjada comen\u00e7ava a trencar-se. Sense pensar-s\u2019ho en Saltir\u00f3 va fer un gran salt i va poder arribar a la branca, agafar la Blanqueta i tornar a saltar cap a un altre arbre.<\/span><\/span><\/p>\n<p class=\"western\" lang=\"ca-ES\" align=\"justify\"><span style=\"font-family: Comic Sans MS,serif;\"><span style=\"font-size: x-large;\">Salvats per\u00f2 no lluny del perill, perqu\u00e8 el foc encara no estava controlat, van veure com les flames els rodejaven cada vegada m\u00e9s malgrat els esfor\u00e7os de tothom.<\/span><\/span><\/p>\n<p class=\"western\" lang=\"ca-ES\" align=\"justify\"><span style=\"font-family: Comic Sans MS,serif;\"><span style=\"font-size: x-large;\">Quan semblava que estava tot perdut es va sentir un espetec m\u00e9s gran que els que havien sentit al comen\u00e7ament de la festa. No es podien creure que encara hi hagu\u00e9s alg\u00fa amb ganes de gresca. A continuaci\u00f3 va comen\u00e7ar a caure una pluja fina que es va anar animant fins que es va convertir en una tempesta d\u2019estiu amb molts trons, llamps i sobretot molta aigua que \u00e9s el que en aquell moment necessitaven.<\/span><\/span><\/p>\n<p class=\"western\" lang=\"ca-ES\" align=\"justify\"><span style=\"font-family: Comic Sans MS,serif;\"><span style=\"font-size: x-large;\">A poc a poc el foc es va anar apagant fins que no va quedar cap flama.<\/span><\/span><\/p>\n<p class=\"western\" lang=\"ca-ES\" align=\"justify\"><span style=\"font-family: Comic Sans MS,serif;\"><span style=\"font-size: x-large;\">Quina alegria van tenir tots!! El malson s\u2019havia acabat i el bosc s\u2019havia salvat.<\/span><\/span><\/p>\n<p class=\"western\" lang=\"ca-ES\" align=\"justify\"><span style=\"font-family: Comic Sans MS,serif;\"><span style=\"font-size: x-large;\">L\u2019endem\u00e0, per tal de celebrar que tot havia acabat b\u00e9 van organitzar un gran berenar en el qual tothom hi va tenir cabuda. <\/span><\/span><\/p>\n<p class=\"western\" lang=\"ca-ES\" align=\"justify\"><span style=\"font-family: Comic Sans MS,serif;\"><span style=\"font-size: x-large;\">La Blanqueta i el Saltir\u00f3 van ser els protagonistes de la festa, sobretot aquest \u00faltim que havia demostrat ser un aut\u00e8ntic heroi.<\/span><\/span><\/p>\n<p class=\"western\" lang=\"ca-ES\" align=\"justify\"><span style=\"font-family: Comic Sans MS,serif;\"><span style=\"font-size: x-large;\">Es van enamorar i van ser feli\u00e7os per sempre!<\/span><\/span><\/p>\n<p class=\"western\" lang=\"ca-ES\" align=\"justify\"><span style=\"font-family: Comic Sans MS,serif;\"><span style=\"font-size: x-large;\">Va ser despr\u00e9s, en una assemblea popular, on es va decidir que el bosc \u00e9s massa preuat per jugar amb ell.<\/span><\/span><\/p>\n<p class=\"western\" lang=\"ca-ES\" align=\"center\"><span style=\"font-family: Comic Sans MS,serif;\"><span style=\"font-size: x-large;\">CONTE CONTAT LA PASTANAGA JA SE L\u2019HAN MENJAT!!!<\/span><\/span><\/p>\n<p class=\"western\" align=\"justify\">\n","protected":false},"excerpt":{"rendered":"<p>Un gran dia assolellat de principis d&#8217;estiu, al bosc de Sant Guim de Freixenet, hi havia un conillet anomenat Saltir\u00f3. [&hellip;]<\/p>\n","protected":false},"author":1,"featured_media":1037,"comment_status":"open","ping_status":"open","sticky":false,"template":"","format":"standard","meta":{"_bbp_topic_count":0,"_bbp_reply_count":0,"_bbp_total_topic_count":0,"_bbp_total_reply_count":0,"_bbp_voice_count":0,"_bbp_anonymous_reply_count":0,"_bbp_topic_count_hidden":0,"_bbp_reply_count_hidden":0,"_bbp_forum_subforum_count":0,"site-sidebar-layout":"default","site-content-layout":"","ast-site-content-layout":"","site-content-style":"default","site-sidebar-style":"default","ast-global-header-display":"","ast-banner-title-visibility":"","ast-main-header-display":"","ast-hfb-above-header-display":"","ast-hfb-below-header-display":"","ast-hfb-mobile-header-display":"","site-post-title":"","ast-breadcrumbs-content":"","ast-featured-img":"","footer-sml-layout":"","theme-transparent-header-meta":"","adv-header-id-meta":"","stick-header-meta":"","header-above-stick-meta":"","header-main-stick-meta":"","header-below-stick-meta":"","astra-migrate-meta-layouts":"default","ast-page-background-enabled":"default","ast-page-background-meta":{"desktop":{"background-color":"var(--ast-global-color-4)","background-image":"","background-repeat":"repeat","background-position":"center center","background-size":"auto","background-attachment":"scroll","background-type":"","background-media":"","overlay-type":"","overlay-color":"","overlay-opacity":"","overlay-gradient":""},"tablet":{"background-color":"","background-image":"","background-repeat":"repeat","background-position":"center center","background-size":"auto","background-attachment":"scroll","background-type":"","background-media":"","overlay-type":"","overlay-color":"","overlay-opacity":"","overlay-gradient":""},"mobile":{"background-color":"","background-image":"","background-repeat":"repeat","background-position":"center center","background-size":"auto","background-attachment":"scroll","background-type":"","background-media":"","overlay-type":"","overlay-color":"","overlay-opacity":"","overlay-gradient":""}},"ast-content-background-meta":{"desktop":{"background-color":"var(--ast-global-color-5)","background-image":"","background-repeat":"repeat","background-position":"center center","background-size":"auto","background-attachment":"scroll","background-type":"","background-media":"","overlay-type":"","overlay-color":"","overlay-opacity":"","overlay-gradient":""},"tablet":{"background-color":"var(--ast-global-color-5)","background-image":"","background-repeat":"repeat","background-position":"center center","background-size":"auto","background-attachment":"scroll","background-type":"","background-media":"","overlay-type":"","overlay-color":"","overlay-opacity":"","overlay-gradient":""},"mobile":{"background-color":"var(--ast-global-color-5)","background-image":"","background-repeat":"repeat","background-position":"center center","background-size":"auto","background-attachment":"scroll","background-type":"","background-media":"","overlay-type":"","overlay-color":"","overlay-opacity":"","overlay-gradient":""}},"footnotes":""},"categories":[48],"tags":[],"class_list":["post-1036","post","type-post","status-publish","format-standard","has-post-thumbnail","hentry","category-sant-jordi"],"post_mailing_queue_ids":[],"_links":{"self":[{"href":"https:\/\/agora.xtec.cat\/ceip-estel-stguim\/wp-json\/wp\/v2\/posts\/1036","targetHints":{"allow":["GET"]}}],"collection":[{"href":"https:\/\/agora.xtec.cat\/ceip-estel-stguim\/wp-json\/wp\/v2\/posts"}],"about":[{"href":"https:\/\/agora.xtec.cat\/ceip-estel-stguim\/wp-json\/wp\/v2\/types\/post"}],"author":[{"embeddable":true,"href":"https:\/\/agora.xtec.cat\/ceip-estel-stguim\/wp-json\/wp\/v2\/users\/1"}],"replies":[{"embeddable":true,"href":"https:\/\/agora.xtec.cat\/ceip-estel-stguim\/wp-json\/wp\/v2\/comments?post=1036"}],"version-history":[{"count":1,"href":"https:\/\/agora.xtec.cat\/ceip-estel-stguim\/wp-json\/wp\/v2\/posts\/1036\/revisions"}],"predecessor-version":[{"id":1038,"href":"https:\/\/agora.xtec.cat\/ceip-estel-stguim\/wp-json\/wp\/v2\/posts\/1036\/revisions\/1038"}],"wp:featuredmedia":[{"embeddable":true,"href":"https:\/\/agora.xtec.cat\/ceip-estel-stguim\/wp-json\/wp\/v2\/media\/1037"}],"wp:attachment":[{"href":"https:\/\/agora.xtec.cat\/ceip-estel-stguim\/wp-json\/wp\/v2\/media?parent=1036"}],"wp:term":[{"taxonomy":"category","embeddable":true,"href":"https:\/\/agora.xtec.cat\/ceip-estel-stguim\/wp-json\/wp\/v2\/categories?post=1036"},{"taxonomy":"post_tag","embeddable":true,"href":"https:\/\/agora.xtec.cat\/ceip-estel-stguim\/wp-json\/wp\/v2\/tags?post=1036"}],"curies":[{"name":"wp","href":"https:\/\/api.w.org\/{rel}","templated":true}]}}