{"id":10114,"date":"2026-04-28T09:54:41","date_gmt":"2026-04-28T07:54:41","guid":{"rendered":"https:\/\/agora.xtec.cat\/ceip-estel-stguim\/?p=10114"},"modified":"2026-04-28T09:54:41","modified_gmt":"2026-04-28T07:54:41","slug":"video-daniel-gabarro-viure-amb-mes-harmonia-a-casa-educar-amb-amor-i-limits","status":"publish","type":"post","link":"https:\/\/agora.xtec.cat\/ceip-estel-stguim\/general\/video-daniel-gabarro-viure-amb-mes-harmonia-a-casa-educar-amb-amor-i-limits\/","title":{"rendered":"V\u00eddeo Daniel Gabarr\u00f3: Viure amb m\u00e9s harmonia a casa. Educar amb amor i l\u00edmits."},"content":{"rendered":"<table role=\"presentation\" border=\"0\" width=\"100%\" cellspacing=\"0\" cellpadding=\"0\">\n<tbody>\n<tr>\n<th valign=\"top\" width=\"100%\">\n<table role=\"presentation\" border=\"0\" width=\"100%\" cellspacing=\"0\" cellpadding=\"0\" align=\"left\">\n<tbody>\n<tr>\n<td align=\"left\" valign=\"top\">\n<div>\n<p>Tant si vau assitir a la xerrada del Daniel Gabarr\u00f3 com si no, us animem a veure-la <b>online.<\/b><\/p>\n<h2><img decoding=\"async\" class=\"an1\" draggable=\"false\" src=\"https:\/\/fonts.gstatic.com\/s\/e\/notoemoji\/17.0\/1f33f\/72.png\" alt=\"\ud83c\udf3f\" data-emoji=\"\ud83c\udf3f\" aria-label=\"\ud83c\udf3f\" \/>\u00a0Un material pensat per ajudar-vos de veritat<\/h2>\n<p>Hi trobareu\u00a0<b>idees clares, eines concretes i reflexions \u00fatils<\/b>\u00a0per educar amb m\u00e9s serenor, m\u00e9s coher\u00e8ncia i m\u00e9s pau a casa. El resum est\u00e0 organitzat en fonaments, eines pr\u00e0ctiques, preguntes freq\u00fcents i informacions finals.<\/p>\n<h3>Alguns dels temes que hi trobareu:<\/h3>\n<ul>\n<li>com posar\u00a0<b>l\u00edmits<\/b>\u00a0amb m\u00e9s calma<\/li>\n<li>com actuar davant de\u00a0<b>rebequeries, pantalles o conflictes<\/b><\/li>\n<li>com afavorir m\u00e9s\u00a0<b>responsabilitat i autonomia<\/b><\/li>\n<li>com educar des del\u00a0<b>respecte, la confian\u00e7a i la disponibilitat<\/b><\/li>\n<\/ul>\n<h2><img decoding=\"async\" class=\"an1\" draggable=\"false\" src=\"https:\/\/fonts.gstatic.com\/s\/e\/notoemoji\/17.0\/2728\/72.png\" alt=\"\u2728\" data-emoji=\"\u2728\" aria-label=\"\u2728\" \/>\u00a0Una idea de fons molt important<\/h2>\n<p>Educar no \u00e9s controlar-ho tot.<br \/>\nEducar \u00e9s ajudar els fills i filles a cr\u00e9ixer, assumir conseq\u00fc\u00e8ncies i anar guanyant autonomia. Aquesta \u00e9s una de les idees centrals del resum.<\/p>\n<p>I tamb\u00e9 hi trobareu una reflexi\u00f3 clau:<br \/>\n<b>com m\u00e9s equilibri interior tenim nosaltres, millor podem educar.<\/b><\/p>\n<h2><img decoding=\"async\" class=\"an1\" draggable=\"false\" src=\"https:\/\/fonts.gstatic.com\/s\/e\/notoemoji\/17.0\/1f4d8\/72.png\" alt=\"\ud83d\udcd8\" data-emoji=\"\ud83d\udcd8\" aria-label=\"\ud83d\udcd8\" \/>\u00a0Ja podeu accedir al material<\/h2>\n<p><img decoding=\"async\" class=\"an1\" draggable=\"false\" src=\"https:\/\/fonts.gstatic.com\/s\/e\/notoemoji\/17.0\/1f3a5\/72.png\" alt=\"\ud83c\udfa5\" data-emoji=\"\ud83c\udfa5\" aria-label=\"\ud83c\udfa5\" \/>\u00a0<b>[<a href=\"https:\/\/4qv5t.r.a.d.sendibm1.com\/mk\/cl\/f\/sh\/1t6Af4OiGsDg0hDiZ1QOGMQ0ZYUwMc\/Y7O_lajFcO1T\" target=\"_blank\" rel=\"noopener noreferrer\" type=\"absoluteLink\" data-saferedirecturl=\"https:\/\/www.google.com\/url?q=https:\/\/4qv5t.r.a.d.sendibm1.com\/mk\/cl\/f\/sh\/1t6Af4OiGsDg0hDiZ1QOGMQ0ZYUwMc\/Y7O_lajFcO1T&amp;source=gmail&amp;ust=1777448734494000&amp;usg=AOvVaw1q6AksQcBSaDdOfweM1cEN\">VEURE LA XERRADA ONLINE \/ GRAVACI\u00d3<\/a>]<\/b><\/p>\n<h2><\/h2>\n<h2><img decoding=\"async\" class=\"an1\" draggable=\"false\" src=\"https:\/\/fonts.gstatic.com\/s\/e\/notoemoji\/17.0\/1f4a1\/72.png\" alt=\"\ud83d\udca1\" data-emoji=\"\ud83d\udca1\" aria-label=\"\ud83d\udca1\" \/>\u00a0Un petit consell<\/h2>\n<p>No cal aplicar-ho tot de cop.<\/p>\n<p>A vegades,\u00a0<b>un sol canvi ben sostingut<\/b>\u00a0pot transformar molt la conviv\u00e8ncia a casa.<\/p>\n<p>Gr\u00e0cies de nou per ser-hi.<\/p>\n<\/div>\n<\/td>\n<\/tr>\n<\/tbody>\n<\/table>\n<\/th>\n<\/tr>\n<\/tbody>\n<\/table>\n","protected":false},"excerpt":{"rendered":"<p>Tant si vau assitir a la xerrada del Daniel Gabarr\u00f3 com si no, us animem a veure-la online. \u00a0Un material [&hellip;]<\/p>\n","protected":false},"author":1,"featured_media":10083,"comment_status":"open","ping_status":"open","sticky":false,"template":"","format":"standard","meta":{"_bbp_topic_count":0,"_bbp_reply_count":0,"_bbp_total_topic_count":0,"_bbp_total_reply_count":0,"_bbp_voice_count":0,"_bbp_anonymous_reply_count":0,"_bbp_topic_count_hidden":0,"_bbp_reply_count_hidden":0,"_bbp_forum_subforum_count":0,"site-sidebar-layout":"default","site-content-layout":"","ast-site-content-layout":"default","site-content-style":"default","site-sidebar-style":"default","ast-global-header-display":"","ast-banner-title-visibility":"","ast-main-header-display":"","ast-hfb-above-header-display":"","ast-hfb-below-header-display":"","ast-hfb-mobile-header-display":"","site-post-title":"","ast-breadcrumbs-content":"","ast-featured-img":"","footer-sml-layout":"","theme-transparent-header-meta":"default","adv-header-id-meta":"","stick-header-meta":"","header-above-stick-meta":"","header-main-stick-meta":"","header-below-stick-meta":"","astra-migrate-meta-layouts":"set","ast-page-background-enabled":"default","ast-page-background-meta":{"desktop":{"background-color":"var(--ast-global-color-4)","background-image":"","background-repeat":"repeat","background-position":"center center","background-size":"auto","background-attachment":"scroll","background-type":"","background-media":"","overlay-type":"","overlay-color":"","overlay-opacity":"","overlay-gradient":""},"tablet":{"background-color":"","background-image":"","background-repeat":"repeat","background-position":"center center","background-size":"auto","background-attachment":"scroll","background-type":"","background-media":"","overlay-type":"","overlay-color":"","overlay-opacity":"","overlay-gradient":""},"mobile":{"background-color":"","background-image":"","background-repeat":"repeat","background-position":"center center","background-size":"auto","background-attachment":"scroll","background-type":"","background-media":"","overlay-type":"","overlay-color":"","overlay-opacity":"","overlay-gradient":""}},"ast-content-background-meta":{"desktop":{"background-color":"var(--ast-global-color-5)","background-image":"","background-repeat":"repeat","background-position":"center center","background-size":"auto","background-attachment":"scroll","background-type":"","background-media":"","overlay-type":"","overlay-color":"","overlay-opacity":"","overlay-gradient":""},"tablet":{"background-color":"var(--ast-global-color-5)","background-image":"","background-repeat":"repeat","background-position":"center center","background-size":"auto","background-attachment":"scroll","background-type":"","background-media":"","overlay-type":"","overlay-color":"","overlay-opacity":"","overlay-gradient":""},"mobile":{"background-color":"var(--ast-global-color-5)","background-image":"","background-repeat":"repeat","background-position":"center center","background-size":"auto","background-attachment":"scroll","background-type":"","background-media":"","overlay-type":"","overlay-color":"","overlay-opacity":"","overlay-gradient":""}},"footnotes":""},"categories":[92,47,1,4],"tags":[],"class_list":["post-10114","post","type-post","status-publish","format-standard","has-post-thumbnail","hentry","category-articles-dinteres","category-formacio","category-general","category-portada"],"post_mailing_queue_ids":[],"_links":{"self":[{"href":"https:\/\/agora.xtec.cat\/ceip-estel-stguim\/wp-json\/wp\/v2\/posts\/10114","targetHints":{"allow":["GET"]}}],"collection":[{"href":"https:\/\/agora.xtec.cat\/ceip-estel-stguim\/wp-json\/wp\/v2\/posts"}],"about":[{"href":"https:\/\/agora.xtec.cat\/ceip-estel-stguim\/wp-json\/wp\/v2\/types\/post"}],"author":[{"embeddable":true,"href":"https:\/\/agora.xtec.cat\/ceip-estel-stguim\/wp-json\/wp\/v2\/users\/1"}],"replies":[{"embeddable":true,"href":"https:\/\/agora.xtec.cat\/ceip-estel-stguim\/wp-json\/wp\/v2\/comments?post=10114"}],"version-history":[{"count":1,"href":"https:\/\/agora.xtec.cat\/ceip-estel-stguim\/wp-json\/wp\/v2\/posts\/10114\/revisions"}],"predecessor-version":[{"id":10115,"href":"https:\/\/agora.xtec.cat\/ceip-estel-stguim\/wp-json\/wp\/v2\/posts\/10114\/revisions\/10115"}],"wp:featuredmedia":[{"embeddable":true,"href":"https:\/\/agora.xtec.cat\/ceip-estel-stguim\/wp-json\/wp\/v2\/media\/10083"}],"wp:attachment":[{"href":"https:\/\/agora.xtec.cat\/ceip-estel-stguim\/wp-json\/wp\/v2\/media?parent=10114"}],"wp:term":[{"taxonomy":"category","embeddable":true,"href":"https:\/\/agora.xtec.cat\/ceip-estel-stguim\/wp-json\/wp\/v2\/categories?post=10114"},{"taxonomy":"post_tag","embeddable":true,"href":"https:\/\/agora.xtec.cat\/ceip-estel-stguim\/wp-json\/wp\/v2\/tags?post=10114"}],"curies":[{"name":"wp","href":"https:\/\/api.w.org\/{rel}","templated":true}]}}