{"id":1004,"date":"2016-04-20T12:47:58","date_gmt":"2016-04-20T11:47:58","guid":{"rendered":"http:\/\/agora.xtec.cat\/ceip-estel-stguim\/?p=1004"},"modified":"2016-06-01T12:27:04","modified_gmt":"2016-06-01T11:27:04","slug":"historia-dases","status":"publish","type":"post","link":"https:\/\/agora.xtec.cat\/ceip-estel-stguim\/treballant-la-convivencia\/historia-dases\/","title":{"rendered":"HIST\u00d2RIA D&#8217;ASES"},"content":{"rendered":"<p><strong>Edat:<\/strong> a partir de 5\u00e8.<br \/>\n<strong>Material:<\/strong>\u00a0 una fotoc\u00f2pia de la hist\u00f2ria d&#8217;ases dibuixada i llapis.<\/p>\n<p><a href=\"http:\/\/agora.xtec.cat\/ceip-estel-stguim\/wp-content\/uploads\/usu237\/2016\/04\/ASES.png\"><img loading=\"lazy\" decoding=\"async\" class=\"  wp-image-1005 aligncenter\" src=\"http:\/\/agora.xtec.cat\/ceip-estel-stguim\/wp-content\/uploads\/usu237\/2016\/04\/ASES-742x1024.png\" alt=\"ASES\" width=\"234\" height=\"322\" srcset=\"https:\/\/agora.xtec.cat\/ceip-estel-stguim\/wp-content\/uploads\/usu237\/2016\/04\/ASES-742x1024.png 742w, https:\/\/agora.xtec.cat\/ceip-estel-stguim\/wp-content\/uploads\/usu237\/2016\/04\/ASES-217x300.png 217w, https:\/\/agora.xtec.cat\/ceip-estel-stguim\/wp-content\/uploads\/usu237\/2016\/04\/ASES.png 1370w\" sizes=\"auto, (max-width: 234px) 100vw, 234px\" \/><\/a><\/p>\n<p>Per imprimir la imatge clicar a l&#8217;enlla\u00e7:<\/p>\n<p><a href=\"http:\/\/ioc.xtec.cat\/materials\/FP\/Materials\/1752_EDI\/EDI_1752_M08\/web\/html\/WebContent\/u5\/a2\/continguts.html\">http:\/\/ioc.xtec.cat\/materials\/FP\/Materials\/1752_EDI\/EDI_1752_M08\/web\/html\/WebContent\/u5\/a2\/continguts.html <\/a><\/p>\n<p style=\"text-align: justify;\"><strong>Activitat:<\/strong> Es reparteix a cada participant els dibuixos de la historieta dels ases. Individualment l&#8217;observen i escriuen el qu\u00e8 han ent\u00e8s i qu\u00e8 els suggereix (5 minuts). S&#8217;agrupen de 4 en 4 i ho comenten. Quines conclusions han tret? Es tracta que vegin que per resoldre conflictes si cada part nom\u00e9s fa cas del qu\u00e8 ella veu, \u00e9s molt dif\u00edcil aconseguir una soluci\u00f3. En canvi si les dues parts col\u00b7laboren, escolten l&#8217;opini\u00f3 de l&#8217;altra i la tenen en compte, es pot aconseguir una soluci\u00f3 que benefici\u00ef a totes dues.<\/p>\n","protected":false},"excerpt":{"rendered":"<p>Edat: a partir de 5\u00e8. Material:\u00a0 una fotoc\u00f2pia de la hist\u00f2ria d&#8217;ases dibuixada i llapis. Per imprimir la imatge clicar [&hellip;]<\/p>\n","protected":false},"author":16,"featured_media":1543,"comment_status":"open","ping_status":"open","sticky":false,"template":"","format":"standard","meta":{"_bbp_topic_count":0,"_bbp_reply_count":0,"_bbp_total_topic_count":0,"_bbp_total_reply_count":0,"_bbp_voice_count":0,"_bbp_anonymous_reply_count":0,"_bbp_topic_count_hidden":0,"_bbp_reply_count_hidden":0,"_bbp_forum_subforum_count":0,"site-sidebar-layout":"default","site-content-layout":"","ast-site-content-layout":"","site-content-style":"default","site-sidebar-style":"default","ast-global-header-display":"","ast-banner-title-visibility":"","ast-main-header-display":"","ast-hfb-above-header-display":"","ast-hfb-below-header-display":"","ast-hfb-mobile-header-display":"","site-post-title":"","ast-breadcrumbs-content":"","ast-featured-img":"","footer-sml-layout":"","theme-transparent-header-meta":"","adv-header-id-meta":"","stick-header-meta":"","header-above-stick-meta":"","header-main-stick-meta":"","header-below-stick-meta":"","astra-migrate-meta-layouts":"default","ast-page-background-enabled":"default","ast-page-background-meta":{"desktop":{"background-color":"var(--ast-global-color-4)","background-image":"","background-repeat":"repeat","background-position":"center center","background-size":"auto","background-attachment":"scroll","background-type":"","background-media":"","overlay-type":"","overlay-color":"","overlay-opacity":"","overlay-gradient":""},"tablet":{"background-color":"","background-image":"","background-repeat":"repeat","background-position":"center center","background-size":"auto","background-attachment":"scroll","background-type":"","background-media":"","overlay-type":"","overlay-color":"","overlay-opacity":"","overlay-gradient":""},"mobile":{"background-color":"","background-image":"","background-repeat":"repeat","background-position":"center center","background-size":"auto","background-attachment":"scroll","background-type":"","background-media":"","overlay-type":"","overlay-color":"","overlay-opacity":"","overlay-gradient":""}},"ast-content-background-meta":{"desktop":{"background-color":"var(--ast-global-color-5)","background-image":"","background-repeat":"repeat","background-position":"center center","background-size":"auto","background-attachment":"scroll","background-type":"","background-media":"","overlay-type":"","overlay-color":"","overlay-opacity":"","overlay-gradient":""},"tablet":{"background-color":"var(--ast-global-color-5)","background-image":"","background-repeat":"repeat","background-position":"center center","background-size":"auto","background-attachment":"scroll","background-type":"","background-media":"","overlay-type":"","overlay-color":"","overlay-opacity":"","overlay-gradient":""},"mobile":{"background-color":"var(--ast-global-color-5)","background-image":"","background-repeat":"repeat","background-position":"center center","background-size":"auto","background-attachment":"scroll","background-type":"","background-media":"","overlay-type":"","overlay-color":"","overlay-opacity":"","overlay-gradient":""}},"footnotes":""},"categories":[55],"tags":[],"class_list":["post-1004","post","type-post","status-publish","format-standard","has-post-thumbnail","hentry","category-treballant-la-convivencia"],"post_mailing_queue_ids":[],"_links":{"self":[{"href":"https:\/\/agora.xtec.cat\/ceip-estel-stguim\/wp-json\/wp\/v2\/posts\/1004","targetHints":{"allow":["GET"]}}],"collection":[{"href":"https:\/\/agora.xtec.cat\/ceip-estel-stguim\/wp-json\/wp\/v2\/posts"}],"about":[{"href":"https:\/\/agora.xtec.cat\/ceip-estel-stguim\/wp-json\/wp\/v2\/types\/post"}],"author":[{"embeddable":true,"href":"https:\/\/agora.xtec.cat\/ceip-estel-stguim\/wp-json\/wp\/v2\/users\/16"}],"replies":[{"embeddable":true,"href":"https:\/\/agora.xtec.cat\/ceip-estel-stguim\/wp-json\/wp\/v2\/comments?post=1004"}],"version-history":[{"count":1,"href":"https:\/\/agora.xtec.cat\/ceip-estel-stguim\/wp-json\/wp\/v2\/posts\/1004\/revisions"}],"predecessor-version":[{"id":1006,"href":"https:\/\/agora.xtec.cat\/ceip-estel-stguim\/wp-json\/wp\/v2\/posts\/1004\/revisions\/1006"}],"wp:featuredmedia":[{"embeddable":true,"href":"https:\/\/agora.xtec.cat\/ceip-estel-stguim\/wp-json\/wp\/v2\/media\/1543"}],"wp:attachment":[{"href":"https:\/\/agora.xtec.cat\/ceip-estel-stguim\/wp-json\/wp\/v2\/media?parent=1004"}],"wp:term":[{"taxonomy":"category","embeddable":true,"href":"https:\/\/agora.xtec.cat\/ceip-estel-stguim\/wp-json\/wp\/v2\/categories?post=1004"},{"taxonomy":"post_tag","embeddable":true,"href":"https:\/\/agora.xtec.cat\/ceip-estel-stguim\/wp-json\/wp\/v2\/tags?post=1004"}],"curies":[{"name":"wp","href":"https:\/\/api.w.org\/{rel}","templated":true}]}}