{"id":10039,"date":"2026-02-27T11:55:36","date_gmt":"2026-02-27T10:55:36","guid":{"rendered":"https:\/\/agora.xtec.cat\/ceip-estel-stguim\/?p=10039"},"modified":"2026-02-27T11:55:36","modified_gmt":"2026-02-27T10:55:36","slug":"hivernal-infantil-btt-cervera","status":"publish","type":"post","link":"https:\/\/agora.xtec.cat\/ceip-estel-stguim\/portada\/hivernal-infantil-btt-cervera\/","title":{"rendered":"Hivernal infantil BTT Cervera"},"content":{"rendered":"<p style=\"font-weight: 400;\">Benvolgudes fam\u00edlies,<\/p>\n<p style=\"font-weight: 400;\">Us fem arribar la informaci\u00f3 relativa a la\u00a0<strong>Hivernal Infantil BTT 2026<\/strong>, una sortida ciclista pensada per a l\u2019esport, la natura i el gaudir de l\u2019entorn pr\u00f2xim de la <strong>Segarra<\/strong>.<\/p>\n<p style=\"font-weight: 400;\"><strong>Data:<\/strong>\u00a0Dissabte 7 de mar\u00e7 de 2026<br \/>\n<strong>Sortida i lloc:<\/strong>\u00a0Pla\u00e7a Universitat, Cervera<br \/>\n<strong>Destinada a:<\/strong>\u00a0Infants a partir de 1r de prim\u00e0ria i participants familiars que vulguin acompanyar-los.<\/p>\n<h3>Qu\u00e8 t\u2019esperar\u00e0?<\/h3>\n<ul>\n<li style=\"font-weight: 400;\"><strong>3 recorreguts adaptats<\/strong>\u00a0a diferents edats i nivells: curt, mig i llarg, pensats perqu\u00e8 cada infant pugui gaudir al seu ritme.<\/li>\n<li style=\"font-weight: 400;\"><strong>Guiatge per monitors<\/strong>\u00a0\u00a0del Consell Esportiu de la Segarra i la Penya Ciclista de Cervera.<\/li>\n<li style=\"font-weight: 400;\"><strong>Avituallaments durant el recorregut i al finalitzar<\/strong><\/li>\n<li style=\"font-weight: 400;\"><strong>Experi\u00e8ncia de BTT<\/strong>, amb circuits que recorren l\u2019entorn natural de la Segarra per descobrir racons i paisatges al teu ritme.<\/li>\n<\/ul>\n<h3>Inscripcions<\/h3>\n<ul>\n<li style=\"font-weight: 400;\">La\u00a0<strong>participaci\u00f3 \u00e9s gratu\u00efta<\/strong>\u00a0per a infants amb llic\u00e8ncia esportiva tramitada.<\/li>\n<li style=\"font-weight: 400;\">Els adults acompanyants tamb\u00e9 poden participar i han de realitzar la\u00a0<strong>inscripci\u00f3 pr\u00e8via<\/strong>, tot i que no necessiten llic\u00e8ncia esportiva.<\/li>\n<li style=\"font-weight: 400;\">Podeu fer les inscripcions i trobar m\u00e9s informaci\u00f3 al seg\u00fcent enlla\u00e7:<\/li>\n<\/ul>\n<p style=\"font-weight: 400;\"><strong>\u00a0<a href=\"https:\/\/cesegarra.cat\/hivernal-infantil-btt-2026\/\" data-saferedirecturl=\"https:\/\/www.google.com\/url?q=https:\/\/cesegarra.cat\/hivernal-infantil-btt-2026\/&amp;source=gmail&amp;ust=1772275784219000&amp;usg=AOvVaw2A-rnekok_hVExNfFW31Cy\">https:\/\/cesegarra.cat\/hivernal-infantil-btt-2026\/<\/a><\/strong><\/p>\n<p style=\"font-weight: 400;\">Aquest \u00e9s un esdeveniment ideal per fomentar l\u2019esport en fam\u00edlia, promoure h\u00e0bits saludables i descobrir de manera activa l\u2019entorn natural de la Segarra.<\/p>\n<p style=\"font-weight: 400;\">Per a m\u00e9s informaci\u00f3 o dubtes, contacteu a:\u00a0<strong><a href=\"mailto:infoces@ccsegarra.cat\">infoces@ccsegarra.cat<\/a><\/strong>.<\/p>\n<p style=\"font-weight: 400;\">Us hi esperem!<\/p>\n<p style=\"font-weight: 400;\">\n<p style=\"font-weight: 400;\"><strong><em>Equip t\u00e8cnic del Consell Esportiu de la Segarra<\/em><\/strong><\/p>\n<p><a href=\"https:\/\/agora.xtec.cat\/ceip-estel-stguim\/wp-content\/uploads\/usu237\/2026\/02\/CARTELL-HIVERNAL-INFANTIL-26.png\"><img loading=\"lazy\" decoding=\"async\" class=\"aligncenter size-large wp-image-10040\" src=\"https:\/\/agora.xtec.cat\/ceip-estel-stguim\/wp-content\/uploads\/usu237\/2026\/02\/CARTELL-HIVERNAL-INFANTIL-26-819x1024.png\" alt=\"\" width=\"819\" height=\"1024\" srcset=\"https:\/\/agora.xtec.cat\/ceip-estel-stguim\/wp-content\/uploads\/usu237\/2026\/02\/CARTELL-HIVERNAL-INFANTIL-26-819x1024.png 819w, https:\/\/agora.xtec.cat\/ceip-estel-stguim\/wp-content\/uploads\/usu237\/2026\/02\/CARTELL-HIVERNAL-INFANTIL-26-240x300.png 240w, https:\/\/agora.xtec.cat\/ceip-estel-stguim\/wp-content\/uploads\/usu237\/2026\/02\/CARTELL-HIVERNAL-INFANTIL-26-768x960.png 768w, https:\/\/agora.xtec.cat\/ceip-estel-stguim\/wp-content\/uploads\/usu237\/2026\/02\/CARTELL-HIVERNAL-INFANTIL-26.png 1080w\" sizes=\"auto, (max-width: 819px) 100vw, 819px\" \/><\/a><\/p>\n","protected":false},"excerpt":{"rendered":"<p>Benvolgudes fam\u00edlies, Us fem arribar la informaci\u00f3 relativa a la\u00a0Hivernal Infantil BTT 2026, una sortida ciclista pensada per a l\u2019esport, [&hellip;]<\/p>\n","protected":false},"author":1,"featured_media":10040,"comment_status":"open","ping_status":"open","sticky":false,"template":"","format":"standard","meta":{"_bbp_topic_count":0,"_bbp_reply_count":0,"_bbp_total_topic_count":0,"_bbp_total_reply_count":0,"_bbp_voice_count":0,"_bbp_anonymous_reply_count":0,"_bbp_topic_count_hidden":0,"_bbp_reply_count_hidden":0,"_bbp_forum_subforum_count":0,"site-sidebar-layout":"default","site-content-layout":"","ast-site-content-layout":"default","site-content-style":"default","site-sidebar-style":"default","ast-global-header-display":"","ast-banner-title-visibility":"","ast-main-header-display":"","ast-hfb-above-header-display":"","ast-hfb-below-header-display":"","ast-hfb-mobile-header-display":"","site-post-title":"","ast-breadcrumbs-content":"","ast-featured-img":"","footer-sml-layout":"","theme-transparent-header-meta":"default","adv-header-id-meta":"","stick-header-meta":"","header-above-stick-meta":"","header-main-stick-meta":"","header-below-stick-meta":"","astra-migrate-meta-layouts":"set","ast-page-background-enabled":"default","ast-page-background-meta":{"desktop":{"background-color":"var(--ast-global-color-4)","background-image":"","background-repeat":"repeat","background-position":"center center","background-size":"auto","background-attachment":"scroll","background-type":"","background-media":"","overlay-type":"","overlay-color":"","overlay-opacity":"","overlay-gradient":""},"tablet":{"background-color":"","background-image":"","background-repeat":"repeat","background-position":"center center","background-size":"auto","background-attachment":"scroll","background-type":"","background-media":"","overlay-type":"","overlay-color":"","overlay-opacity":"","overlay-gradient":""},"mobile":{"background-color":"","background-image":"","background-repeat":"repeat","background-position":"center center","background-size":"auto","background-attachment":"scroll","background-type":"","background-media":"","overlay-type":"","overlay-color":"","overlay-opacity":"","overlay-gradient":""}},"ast-content-background-meta":{"desktop":{"background-color":"var(--ast-global-color-5)","background-image":"","background-repeat":"repeat","background-position":"center center","background-size":"auto","background-attachment":"scroll","background-type":"","background-media":"","overlay-type":"","overlay-color":"","overlay-opacity":"","overlay-gradient":""},"tablet":{"background-color":"var(--ast-global-color-5)","background-image":"","background-repeat":"repeat","background-position":"center center","background-size":"auto","background-attachment":"scroll","background-type":"","background-media":"","overlay-type":"","overlay-color":"","overlay-opacity":"","overlay-gradient":""},"mobile":{"background-color":"var(--ast-global-color-5)","background-image":"","background-repeat":"repeat","background-position":"center center","background-size":"auto","background-attachment":"scroll","background-type":"","background-media":"","overlay-type":"","overlay-color":"","overlay-opacity":"","overlay-gradient":""}},"footnotes":""},"categories":[38,183,4],"tags":[],"class_list":["post-10039","post","type-post","status-publish","format-standard","has-post-thumbnail","hentry","category-pcee","category-pcee-2","category-portada"],"post_mailing_queue_ids":[],"_links":{"self":[{"href":"https:\/\/agora.xtec.cat\/ceip-estel-stguim\/wp-json\/wp\/v2\/posts\/10039","targetHints":{"allow":["GET"]}}],"collection":[{"href":"https:\/\/agora.xtec.cat\/ceip-estel-stguim\/wp-json\/wp\/v2\/posts"}],"about":[{"href":"https:\/\/agora.xtec.cat\/ceip-estel-stguim\/wp-json\/wp\/v2\/types\/post"}],"author":[{"embeddable":true,"href":"https:\/\/agora.xtec.cat\/ceip-estel-stguim\/wp-json\/wp\/v2\/users\/1"}],"replies":[{"embeddable":true,"href":"https:\/\/agora.xtec.cat\/ceip-estel-stguim\/wp-json\/wp\/v2\/comments?post=10039"}],"version-history":[{"count":1,"href":"https:\/\/agora.xtec.cat\/ceip-estel-stguim\/wp-json\/wp\/v2\/posts\/10039\/revisions"}],"predecessor-version":[{"id":10041,"href":"https:\/\/agora.xtec.cat\/ceip-estel-stguim\/wp-json\/wp\/v2\/posts\/10039\/revisions\/10041"}],"wp:featuredmedia":[{"embeddable":true,"href":"https:\/\/agora.xtec.cat\/ceip-estel-stguim\/wp-json\/wp\/v2\/media\/10040"}],"wp:attachment":[{"href":"https:\/\/agora.xtec.cat\/ceip-estel-stguim\/wp-json\/wp\/v2\/media?parent=10039"}],"wp:term":[{"taxonomy":"category","embeddable":true,"href":"https:\/\/agora.xtec.cat\/ceip-estel-stguim\/wp-json\/wp\/v2\/categories?post=10039"},{"taxonomy":"post_tag","embeddable":true,"href":"https:\/\/agora.xtec.cat\/ceip-estel-stguim\/wp-json\/wp\/v2\/tags?post=10039"}],"curies":[{"name":"wp","href":"https:\/\/api.w.org\/{rel}","templated":true}]}}