{"id":1001,"date":"2016-04-20T12:38:52","date_gmt":"2016-04-20T11:38:52","guid":{"rendered":"http:\/\/agora.xtec.cat\/ceip-estel-stguim\/?p=1001"},"modified":"2016-06-01T12:30:10","modified_gmt":"2016-06-01T11:30:10","slug":"quadrats-cooperatius","status":"publish","type":"post","link":"https:\/\/agora.xtec.cat\/ceip-estel-stguim\/treballant-la-convivencia\/quadrats-cooperatius\/","title":{"rendered":"QUADRATS COOPERATIUS"},"content":{"rendered":"<p style=\"text-align: justify;\"><strong>Edat:<\/strong> a partir de 5\u00e8.<br \/>\n<strong>Agrupament:<\/strong> grups de 5.<br \/>\n<strong>Material:<\/strong>\u00a0 5 sobres marcats A-B-C-D-E per a cada grup. A dins de cada sobre es posen les seg\u00fcents peces fetes amb cartolina:<br \/>\nSobre A: peces a, c, h, i.<br \/>\nSobre B: peces a, a, a, e.<br \/>\nSobre C: pe\u00e7a j.<br \/>\nSobre D: peces d, f.<br \/>\nSobre E: peces b, c, f, g.<\/p>\n<p style=\"text-align: justify;\">\u00a0<a href=\"http:\/\/agora.xtec.cat\/ceip-estel-stguim\/wp-content\/uploads\/usu237\/2016\/04\/quadrats-cooperatius.png\"><img loading=\"lazy\" decoding=\"async\" class=\"alignnone size-full wp-image-1002\" src=\"http:\/\/agora.xtec.cat\/ceip-estel-stguim\/wp-content\/uploads\/usu237\/2016\/04\/quadrats-cooperatius.png\" alt=\"quadrats cooperatius\" width=\"788\" height=\"150\" srcset=\"https:\/\/agora.xtec.cat\/ceip-estel-stguim\/wp-content\/uploads\/usu237\/2016\/04\/quadrats-cooperatius.png 788w, https:\/\/agora.xtec.cat\/ceip-estel-stguim\/wp-content\/uploads\/usu237\/2016\/04\/quadrats-cooperatius-300x57.png 300w\" sizes=\"auto, (max-width: 788px) 100vw, 788px\" \/><\/a><\/p>\n<p style=\"text-align: justify;\"><strong>Activitat:<\/strong> Es reparteix un sobre diferent a cada membre del grup. Se&#8217;ls llegeixen les seg\u00fcents instruccions:<br \/>\n\u2013 Cada un de vosaltres t\u00e9 un sobre que cont\u00e9 peces per formar quadrats.<br \/>\n\u2013 El joc finalitza quan tothom tingui davant seu un quadrat de la mateixa mida.<br \/>\n\u2013 No es pot parlar, ni comunicar-se per gestos, ni de cap altra manera amb els<br \/>\nmembres del grup.<br \/>\n\u2013 No es poden prendre peces a cap jugador\/a, per\u00f2 s\u00ed cedir-ne.<br \/>\n\u2013 Quan un grup acaba, observa en silenci els altres grups.<\/p>\n<p style=\"text-align: justify;\">Al finalitzar el joc \u00e9s bo parlar de com ho han fet, si els ha costat, si han col\u00b7laborat, si cada membre nom\u00e9s s&#8217;ha preocupat del seu quadrat&#8230; Cal incidir en la import\u00e0ncia de la cooperaci\u00f3.<\/p>\n","protected":false},"excerpt":{"rendered":"<p>Edat: a partir de 5\u00e8. Agrupament: grups de 5. Material:\u00a0 5 sobres marcats A-B-C-D-E per a cada grup. A dins [&hellip;]<\/p>\n","protected":false},"author":16,"featured_media":1544,"comment_status":"open","ping_status":"open","sticky":false,"template":"","format":"standard","meta":{"_bbp_topic_count":0,"_bbp_reply_count":0,"_bbp_total_topic_count":0,"_bbp_total_reply_count":0,"_bbp_voice_count":0,"_bbp_anonymous_reply_count":0,"_bbp_topic_count_hidden":0,"_bbp_reply_count_hidden":0,"_bbp_forum_subforum_count":0,"site-sidebar-layout":"default","site-content-layout":"","ast-site-content-layout":"","site-content-style":"default","site-sidebar-style":"default","ast-global-header-display":"","ast-banner-title-visibility":"","ast-main-header-display":"","ast-hfb-above-header-display":"","ast-hfb-below-header-display":"","ast-hfb-mobile-header-display":"","site-post-title":"","ast-breadcrumbs-content":"","ast-featured-img":"","footer-sml-layout":"","theme-transparent-header-meta":"","adv-header-id-meta":"","stick-header-meta":"","header-above-stick-meta":"","header-main-stick-meta":"","header-below-stick-meta":"","astra-migrate-meta-layouts":"default","ast-page-background-enabled":"default","ast-page-background-meta":{"desktop":{"background-color":"var(--ast-global-color-4)","background-image":"","background-repeat":"repeat","background-position":"center center","background-size":"auto","background-attachment":"scroll","background-type":"","background-media":"","overlay-type":"","overlay-color":"","overlay-opacity":"","overlay-gradient":""},"tablet":{"background-color":"","background-image":"","background-repeat":"repeat","background-position":"center center","background-size":"auto","background-attachment":"scroll","background-type":"","background-media":"","overlay-type":"","overlay-color":"","overlay-opacity":"","overlay-gradient":""},"mobile":{"background-color":"","background-image":"","background-repeat":"repeat","background-position":"center center","background-size":"auto","background-attachment":"scroll","background-type":"","background-media":"","overlay-type":"","overlay-color":"","overlay-opacity":"","overlay-gradient":""}},"ast-content-background-meta":{"desktop":{"background-color":"var(--ast-global-color-5)","background-image":"","background-repeat":"repeat","background-position":"center center","background-size":"auto","background-attachment":"scroll","background-type":"","background-media":"","overlay-type":"","overlay-color":"","overlay-opacity":"","overlay-gradient":""},"tablet":{"background-color":"var(--ast-global-color-5)","background-image":"","background-repeat":"repeat","background-position":"center center","background-size":"auto","background-attachment":"scroll","background-type":"","background-media":"","overlay-type":"","overlay-color":"","overlay-opacity":"","overlay-gradient":""},"mobile":{"background-color":"var(--ast-global-color-5)","background-image":"","background-repeat":"repeat","background-position":"center center","background-size":"auto","background-attachment":"scroll","background-type":"","background-media":"","overlay-type":"","overlay-color":"","overlay-opacity":"","overlay-gradient":""}},"footnotes":""},"categories":[55],"tags":[],"class_list":["post-1001","post","type-post","status-publish","format-standard","has-post-thumbnail","hentry","category-treballant-la-convivencia"],"post_mailing_queue_ids":[],"_links":{"self":[{"href":"https:\/\/agora.xtec.cat\/ceip-estel-stguim\/wp-json\/wp\/v2\/posts\/1001","targetHints":{"allow":["GET"]}}],"collection":[{"href":"https:\/\/agora.xtec.cat\/ceip-estel-stguim\/wp-json\/wp\/v2\/posts"}],"about":[{"href":"https:\/\/agora.xtec.cat\/ceip-estel-stguim\/wp-json\/wp\/v2\/types\/post"}],"author":[{"embeddable":true,"href":"https:\/\/agora.xtec.cat\/ceip-estel-stguim\/wp-json\/wp\/v2\/users\/16"}],"replies":[{"embeddable":true,"href":"https:\/\/agora.xtec.cat\/ceip-estel-stguim\/wp-json\/wp\/v2\/comments?post=1001"}],"version-history":[{"count":2,"href":"https:\/\/agora.xtec.cat\/ceip-estel-stguim\/wp-json\/wp\/v2\/posts\/1001\/revisions"}],"predecessor-version":[{"id":1549,"href":"https:\/\/agora.xtec.cat\/ceip-estel-stguim\/wp-json\/wp\/v2\/posts\/1001\/revisions\/1549"}],"wp:featuredmedia":[{"embeddable":true,"href":"https:\/\/agora.xtec.cat\/ceip-estel-stguim\/wp-json\/wp\/v2\/media\/1544"}],"wp:attachment":[{"href":"https:\/\/agora.xtec.cat\/ceip-estel-stguim\/wp-json\/wp\/v2\/media?parent=1001"}],"wp:term":[{"taxonomy":"category","embeddable":true,"href":"https:\/\/agora.xtec.cat\/ceip-estel-stguim\/wp-json\/wp\/v2\/categories?post=1001"},{"taxonomy":"post_tag","embeddable":true,"href":"https:\/\/agora.xtec.cat\/ceip-estel-stguim\/wp-json\/wp\/v2\/tags?post=1001"}],"curies":[{"name":"wp","href":"https:\/\/api.w.org\/{rel}","templated":true}]}}