{"id":61,"count":6,"description":"Quan hom sent parlar de Josep Maria Poblet sent sonar\u00a0paraules que es transformen en poesia. En Josep Maria tot i no n\u00e9ixer a Sant Guim se sent un santguimenc m\u00e9s i ha ajudat a cr\u00e9ixer el nostre poble. Sempre t\u00e9 una m\u00e0 estesa per ajudar i mai t\u00e9 un no per resposta. En un altre intent gener\u00f3s i altruista, en la seva darrera visita a l'escola en motiu de la celebraci\u00f3 de l'eix transversal de \"Personatges rellevants de Sant Guim de Freixenet\", ens promet col\u00b7laborar amb l'escola i enviar-nos \"cosetes\" per fer un xic m\u00e9s especial les nostres vides.\r\n\r\nGr\u00e0cies Josep Maria. Aquest espai va dedicat a tu i a Sant Guim de Freixenet.","link":"https:\/\/agora.xtec.cat\/ceip-estel-stguim\/categoria\/josep-maria-poblet\/","name":"Josep Maria Poblet","slug":"josep-maria-poblet","taxonomy":"category","parent":0,"meta":[],"_links":{"self":[{"href":"https:\/\/agora.xtec.cat\/ceip-estel-stguim\/wp-json\/wp\/v2\/categories\/61","targetHints":{"allow":["GET"]}}],"collection":[{"href":"https:\/\/agora.xtec.cat\/ceip-estel-stguim\/wp-json\/wp\/v2\/categories"}],"about":[{"href":"https:\/\/agora.xtec.cat\/ceip-estel-stguim\/wp-json\/wp\/v2\/taxonomies\/category"}],"wp:post_type":[{"href":"https:\/\/agora.xtec.cat\/ceip-estel-stguim\/wp-json\/wp\/v2\/posts?categories=61"}],"curies":[{"name":"wp","href":"https:\/\/api.w.org\/{rel}","templated":true}]}}