{"id":55,"count":13,"description":"T\u00e9 com a objectiu <strong>millorar la connexi\u00f3 i la comprensi\u00f3 dels altres<\/strong>.","link":"https:\/\/agora.xtec.cat\/ceip-estel-stguim\/categoria\/treballant-la-convivencia\/","name":"Treballant la conviv\u00e8ncia","slug":"treballant-la-convivencia","taxonomy":"category","parent":0,"meta":[],"_links":{"self":[{"href":"https:\/\/agora.xtec.cat\/ceip-estel-stguim\/wp-json\/wp\/v2\/categories\/55","targetHints":{"allow":["GET"]}}],"collection":[{"href":"https:\/\/agora.xtec.cat\/ceip-estel-stguim\/wp-json\/wp\/v2\/categories"}],"about":[{"href":"https:\/\/agora.xtec.cat\/ceip-estel-stguim\/wp-json\/wp\/v2\/taxonomies\/category"}],"wp:post_type":[{"href":"https:\/\/agora.xtec.cat\/ceip-estel-stguim\/wp-json\/wp\/v2\/posts?categories=55"}],"curies":[{"name":"wp","href":"https:\/\/api.w.org\/{rel}","templated":true}]}}