{"id":183,"count":9,"description":"<a href=\"https:\/\/agora.xtec.cat\/ceip-estel-stguim\/wp-content\/uploads\/usu237\/2026\/01\/EXTRAESCOLARS-ESPORTIVES-ESCOLA-LESTEL-CURS-25-26_page-0001.jpg\"><img class=\"aligncenter size-large wp-image-10006\" src=\"https:\/\/agora.xtec.cat\/ceip-estel-stguim\/wp-content\/uploads\/usu237\/2026\/01\/EXTRAESCOLARS-ESPORTIVES-ESCOLA-LESTEL-CURS-25-26_page-0001-725x1024.jpg\" alt=\"\" width=\"725\" height=\"1024\" \/><\/a><a href=\"https:\/\/agora.xtec.cat\/ceip-estel-stguim\/wp-content\/uploads\/usu237\/2025\/05\/logo-pla-catala-esport.jpg\"><img class=\"aligncenter size-full wp-image-9697\" src=\"https:\/\/agora.xtec.cat\/ceip-estel-stguim\/wp-content\/uploads\/usu237\/2025\/05\/logo-pla-catala-esport.jpg\" alt=\"\" width=\"650\" height=\"260\" \/><\/a>\r\n\r\nAquest programa arriba a l'escola l'Estel l'any 2008 i est\u00e0 regulat des de la Secretaria General de l\u2019Esport i l\u2019Activitat F\u00edsica i el Departament d\u2019Educaci\u00f3. A la nostra escola agafa forma a trav\u00e9s d'una secci\u00f3 esportiva de l'AFA, de la qual el mestre d'Educaci\u00f3 F\u00edsica de l'escola n'\u00e9s el coordinador, i que \u00e9s l'encarregada de vetllar per tot el referent al Pla.\r\n\r\n&nbsp;\r\n\r\nEls objectius principals\u00a0s\u00f3n els seg\u00fcents:\r\n<ul>\r\n \t<li>Incrementar la pr\u00e0ctica regular d'activitat f\u00edsica i esportiva en horari no lectiu.<\/li>\r\n \t<li>Facilitar l\u2019acc\u00e9s a la pr\u00e0ctica esportiva escolar a tota la comunitat educativa, aix\u00ed com la col\u00b7laboraci\u00f3 en la seva dinamitzaci\u00f3.<\/li>\r\n \t<li>Fomentar l\u2019adquisici\u00f3 d\u2019h\u00e0bits saludables que contribueixin a la millora del benestar personal i social.<\/li>\r\n \t<li>Contribuir mitjan\u00e7ant la pr\u00e0ctica esportiva a l\u2019educaci\u00f3 en valors i fomentar la participaci\u00f3 per sobre de la competici\u00f3.<\/li>\r\n<\/ul>\r\nMoltes de les activitats es proposen a trav\u00e9s del <a href=\"https:\/\/cesegarra.cat\/\">Consell Esportiu de la Segarra<\/a>, amb el qual s'est\u00e0 en constant coordinaci\u00f3.","link":"https:\/\/agora.xtec.cat\/ceip-estel-stguim\/categoria\/pcee-2\/","name":"PCEE","slug":"pcee-2","taxonomy":"category","parent":0,"meta":[],"_links":{"self":[{"href":"https:\/\/agora.xtec.cat\/ceip-estel-stguim\/wp-json\/wp\/v2\/categories\/183","targetHints":{"allow":["GET"]}}],"collection":[{"href":"https:\/\/agora.xtec.cat\/ceip-estel-stguim\/wp-json\/wp\/v2\/categories"}],"about":[{"href":"https:\/\/agora.xtec.cat\/ceip-estel-stguim\/wp-json\/wp\/v2\/taxonomies\/category"}],"wp:post_type":[{"href":"https:\/\/agora.xtec.cat\/ceip-estel-stguim\/wp-json\/wp\/v2\/posts?categories=183"}],"curies":[{"name":"wp","href":"https:\/\/api.w.org\/{rel}","templated":true}]}}