{"id":150,"count":0,"description":"Quan alg\u00fa arriba a l'Escola l'Estel tenim preparats diferents plans d'acollida per tal que l'adaptaci\u00f3 sigui m\u00e9s r\u00e0pida i qualitativa.\r\n\r\n&nbsp;\r\n<table style=\"border-collapse: collapse; width: 100%; height: 329px;\">\r\n<tbody>\r\n<tr style=\"height: 127px;\">\r\n<td style=\"width: 100%; height: 127px;\"><a href=\"https:\/\/agora.xtec.cat\/ceip-estel-stguim\/wp-content\/uploads\/usu237\/2025\/05\/ACOLLIDA-FAMILIES-ESTEL.docx.pdf\"><img class=\"aligncenter wp-image-8319 size-full\" style=\"font-size: 16px;\" src=\"https:\/\/agora.xtec.cat\/ceip-estel-stguim\/wp-content\/uploads\/usu237\/2023\/03\/captura-families.jpg\" alt=\"\" width=\"880\" height=\"191\" \/><\/a><\/td>\r\n<\/tr>\r\n<tr style=\"height: 122px;\">\r\n<td style=\"width: 100%; height: 122px;\"><a href=\"https:\/\/agora.xtec.cat\/ceip-estel-stguim\/wp-content\/uploads\/usu237\/2025\/06\/acollida-digital-alumnes-bo.docx.pdf\"><img class=\"aligncenter wp-image-8320 size-full\" src=\"https:\/\/agora.xtec.cat\/ceip-estel-stguim\/wp-content\/uploads\/usu237\/2023\/03\/captura-alumnes.jpg\" alt=\"\" width=\"779\" height=\"161\" \/><\/a><\/td>\r\n<\/tr>\r\n<tr style=\"height: 80px;\">\r\n<td style=\"width: 100%; height: 80px;\"><img class=\"aligncenter wp-image-8321 size-full\" style=\"border: none; color: #2795b6;\" src=\"https:\/\/agora.xtec.cat\/ceip-estel-stguim\/wp-content\/uploads\/usu237\/2023\/03\/Captura.jpg\" alt=\"\" width=\"819\" height=\"193\" \/><\/td>\r\n<\/tr>\r\n<\/tbody>\r\n<\/table>\r\n&nbsp;","link":"https:\/\/agora.xtec.cat\/ceip-estel-stguim\/categoria\/plans-dacollida-digital\/","name":"Plans d'acollida digital","slug":"plans-dacollida-digital","taxonomy":"category","parent":0,"meta":[],"_links":{"self":[{"href":"https:\/\/agora.xtec.cat\/ceip-estel-stguim\/wp-json\/wp\/v2\/categories\/150","targetHints":{"allow":["GET"]}}],"collection":[{"href":"https:\/\/agora.xtec.cat\/ceip-estel-stguim\/wp-json\/wp\/v2\/categories"}],"about":[{"href":"https:\/\/agora.xtec.cat\/ceip-estel-stguim\/wp-json\/wp\/v2\/taxonomies\/category"}],"wp:post_type":[{"href":"https:\/\/agora.xtec.cat\/ceip-estel-stguim\/wp-json\/wp\/v2\/posts?categories=150"}],"curies":[{"name":"wp","href":"https:\/\/api.w.org\/{rel}","templated":true}]}}