{"id":149,"count":0,"description":"El document de l\u2019EDC ser\u00e0 la refer\u00e8ncia del centre en l\u2019\u00e0mbit de tecnologies digitals. Per tant, \u00e9s important que aquest document tamb\u00e9 reculli\u00a0la gesti\u00f3 di\u00e0ria de l\u2019organitzaci\u00f3 digital del centre. Qu\u00e8 est\u00e0 fent el centre en temes digitals? Quines accions el centre ja t\u00e9 consolidades i funcionen? \u00c9s possible que el centre ja hagi desenvolupat i escrit plans, procediments, normatives, protocols, etc. L\u2019EDC ha de recopilar-ne, almenys, les refer\u00e8ncies per poder trobar-los de manera f\u00e0cil i \u00e0gil.\r\n\r\n<a href=\"https:\/\/agora.xtec.cat\/ceip-estel-stguim\/wp-content\/uploads\/usu237\/2023\/05\/img_EDC_graph_07-1024x729-1.png\"><img class=\"aligncenter size-full wp-image-8471\" src=\"https:\/\/agora.xtec.cat\/ceip-estel-stguim\/wp-content\/uploads\/usu237\/2023\/05\/img_EDC_graph_07-1024x729-1.png\" alt=\"\" width=\"1024\" height=\"729\" \/><\/a>\r\n\r\nEn aquesta part de <strong>cultura digital<\/strong> de l\u2019EDC s\u2019hi poden incorporar refer\u00e8ncies a les NOFC, refer\u00e8ncies a procediments del sistema de qualitat que tingui el centre, acords de claustre o de Consell Escolar, plans espec\u00edfics dissenyats per millorar aspectes concrets, protocols a seguir per la gesti\u00f3 dels serveis, autoritzacions que les fam\u00edlies han de signar, descripcions dels serveis que s\u2019utilitzen al centre, refer\u00e8ncies al PEC per la part metodol\u00f2gica de l\u2019\u00fas de les tecnologies, etc.\r\n\r\nTamb\u00e9 hi podem trobar aquests punts:\r\n<ul>\r\n \t<li><strong>Desplegament curricular de la compet\u00e8ncia digital de l\u2019alumnat\r\n<\/strong>L\u2019assoliment de la compet\u00e8ncia digital de l\u2019alumnat \u00e9s un dels objectius principals de l\u2019EDC. Aquest assoliment s\u2019ha d\u2019aconseguir de forma transversal amb la implicaci\u00f3 de totes les mat\u00e8ries o \u00e0mbits. Per aquesta ra\u00f3 cal que el centre planifiqui el seu desplegament i la seva avaluaci\u00f3 en els diferents nivells i cursos.<\/li>\r\n \t<li><strong>Acolliment digital dels alumnes, docents i fam\u00edlies de nova incorporaci\u00f3:<\/strong> Planificaci\u00f3 de la incorporaci\u00f3 de nou alumnat al centre, nous docents i fam\u00edlies en temes digitals: usuaris, serveis que poden utilitzar, normativa d\u2019\u00fas, etc. Descripci\u00f3 dels serveis digitals que s\u2019ofereixen a alumnes, professorat i fam\u00edlies, i procediments de gesti\u00f3.<\/li>\r\n \t<li><strong>Comunicacions amb la comunitat educativa:<\/strong> Disseny de la comunicaci\u00f3 digital fam\u00edlies-centre (tutors, professorat, direcci\u00f3\u2026),\u00a0 alumnat-professorat i entre el mateix professorat.<\/li>\r\n<\/ul>\r\n<strong>En resum, l'objectiu \u00e9s que l\u2019EDC sigui el document que reculli tota l\u2019activitat del centre en l\u2019\u00e0mbit digital.<\/strong> Per tant, es tracta de facilitar el seguiment de la transformaci\u00f3 digital del centre.\r\n<table style=\"border-collapse: collapse; width: 100%;\">\r\n<tbody>\r\n<tr>\r\n<td style=\"width: 50%; text-align: center;\">\r\n<h3><a href=\"https:\/\/agora.xtec.cat\/ceip-estel-stguim\/desplegament-digital-escola\/\">DESPLEGAMENT CURRICULAR ALUMNAT<\/a><\/h3>\r\n<\/td>\r\n<td style=\"width: 50%; text-align: center;\"><a href=\"https:\/\/agora.xtec.cat\/ceip-estel-stguim\/wp-content\/uploads\/usu237\/2023\/06\/cultura-alumnat.png\"><img class=\"aligncenter wp-image-8495\" src=\"https:\/\/agora.xtec.cat\/ceip-estel-stguim\/wp-content\/uploads\/usu237\/2023\/06\/cultura-alumnat.png\" alt=\"\" width=\"213\" height=\"138\" \/><\/a><\/td>\r\n<\/tr>\r\n<tr>\r\n<td style=\"width: 50%;\">\r\n<h3 style=\"text-align: center;\"><a style=\"color: #2795b6;\" href=\"https:\/\/agora.xtec.cat\/ceip-estel-stguim\/lescola\/documents-de-centre\/\">DOCUMENTS DE CENTRE<\/a><\/h3>\r\n<\/td>\r\n<td style=\"width: 50%; text-align: center;\"><a href=\"https:\/\/agora.xtec.cat\/ceip-estel-stguim\/categoria\/estrategia-digital-estel\/cultura-digital\/\"><img class=\"aligncenter wp-image-8472\" src=\"https:\/\/agora.xtec.cat\/ceip-estel-stguim\/wp-content\/uploads\/usu237\/2023\/05\/baixa.jpg\" alt=\"\" width=\"198\" height=\"132\" \/><\/a><\/td>\r\n<\/tr>\r\n<tr>\r\n<td style=\"width: 50%;\">\r\n<h3 style=\"text-align: center;\"><a style=\"color: #2795b6;\" href=\"https:\/\/agora.xtec.cat\/ceip-estel-stguim\/categoria\/plans-dacollida-digital\/\">PLANS D'ACOLLIDA<\/a><\/h3>\r\n<\/td>\r\n<td style=\"width: 50%; text-align: center;\"><a href=\"https:\/\/agora.xtec.cat\/ceip-estel-stguim\/categoria\/plans-dacollida-digital\/\"><img class=\"aligncenter wp-image-8473\" src=\"https:\/\/agora.xtec.cat\/ceip-estel-stguim\/wp-content\/uploads\/usu237\/2023\/05\/dar-la-bienvenida-al-nuevo-ejemplo-del-vector-colegial-maestra-presenta-newbie-los-personajes-de-dibujos-animados-groupmates-154980015.jpg\" alt=\"\" width=\"185\" height=\"123\" \/><\/a><\/td>\r\n<\/tr>\r\n<tr>\r\n<td style=\"width: 50%;\">\r\n<h3 style=\"text-align: center;\">COMUNICACI\u00d3<\/h3>\r\n<\/td>\r\n<td style=\"width: 50%; text-align: center;\"><a href=\"https:\/\/agora.xtec.cat\/ceip-estel-stguim\/wp-content\/uploads\/usu237\/2023\/05\/A-1.jpg\"><img class=\"aligncenter wp-image-8475\" src=\"https:\/\/agora.xtec.cat\/ceip-estel-stguim\/wp-content\/uploads\/usu237\/2023\/05\/A-1-1024x1001.jpg\" alt=\"\" width=\"156\" height=\"152\" \/><\/a><\/td>\r\n<\/tr>\r\n<\/tbody>\r\n<\/table>","link":"https:\/\/agora.xtec.cat\/ceip-estel-stguim\/categoria\/cultura-digital-estel\/","name":"CULTURA DIGITAL ESTEL","slug":"cultura-digital-estel","taxonomy":"category","parent":0,"meta":[],"_links":{"self":[{"href":"https:\/\/agora.xtec.cat\/ceip-estel-stguim\/wp-json\/wp\/v2\/categories\/149","targetHints":{"allow":["GET"]}}],"collection":[{"href":"https:\/\/agora.xtec.cat\/ceip-estel-stguim\/wp-json\/wp\/v2\/categories"}],"about":[{"href":"https:\/\/agora.xtec.cat\/ceip-estel-stguim\/wp-json\/wp\/v2\/taxonomies\/category"}],"wp:post_type":[{"href":"https:\/\/agora.xtec.cat\/ceip-estel-stguim\/wp-json\/wp\/v2\/posts?categories=149"}],"curies":[{"name":"wp","href":"https:\/\/api.w.org\/{rel}","templated":true}]}}