{"id":146,"count":0,"description":"Qu\u00e8 \u00e9s l\u2019<strong>estrat\u00e8gia digital de centre<\/strong>?\r\n\r\nL\u2019EDC \u00e9s el document que recull totes les accions que es realitzen en la nostra escola, i les que es realitzaran a mitj\u00e0 termini, per aconseguir la m\u00e0xima compet\u00e8ncia digital de l\u2019alumnat, del professorat i del centre educatiu.\r\n\r\nT\u00e9 com a referent el\u00a0<a href=\"https:\/\/educacio.gencat.cat\/ca\/departament\/linies-estrategiques\/pla-educacio-digital\/\" target=\"_blank\" rel=\"noopener\">Pla d\u2019educaci\u00f3 digital de Catalunya<\/a>, on s\u2019indica la necessitat d\u2019assolir la fita d\u2019una societat digitalment competent, fent \u00e8mfasi en l\u2019equitat i tenint en compte l\u2019evoluci\u00f3 del context social i tecnol\u00f2gic.\r\n\r\n[embed]https:\/\/www.youtube.com\/watch?v=uS5UUZIYLPQ&embeds_euri=https%3A%2F%2Fagora.xtec.cat%2F&source_ve_path=MzY4NDI&feature=emb_logo[\/embed]\r\n\r\n<a href=\"https:\/\/agora.xtec.cat\/ceip-estel-stguim\/wp-content\/uploads\/usu237\/2023\/01\/edc-copia.png\"><img class=\"aligncenter size-full wp-image-8232\" src=\"https:\/\/agora.xtec.cat\/ceip-estel-stguim\/wp-content\/uploads\/usu237\/2023\/01\/edc-copia.png\" alt=\"\" width=\"626\" height=\"254\" \/><\/a>\r\n<table style=\"border-collapse: collapse; width: 100%;\">\r\n<tbody>\r\n<tr>\r\n<td style=\"width: 50%; text-align: center;\"><a href=\"https:\/\/agora.xtec.cat\/ceip-estel-stguim\/categoria\/estrategia-digital-de-centre\/\"><img class=\"aligncenter size-full wp-image-8233\" src=\"https:\/\/agora.xtec.cat\/ceip-estel-stguim\/wp-content\/uploads\/usu237\/2023\/01\/edc-copia-2.png\" alt=\"\" width=\"320\" height=\"133\" \/><\/a><\/td>\r\n<td style=\"width: 50%; text-align: center;\"><a href=\"https:\/\/agora.xtec.cat\/ceip-estel-stguim\/categoria\/cultura-digital-estel\/\"><img class=\"aligncenter size-full wp-image-8236\" src=\"https:\/\/agora.xtec.cat\/ceip-estel-stguim\/wp-content\/uploads\/usu237\/2023\/01\/edc-1.png\" alt=\"\" width=\"315\" height=\"139\" \/><\/a><\/td>\r\n<\/tr>\r\n<\/tbody>\r\n<\/table>\r\nVolem compartir-vos tamb\u00e9 un document amb un munt de recursos o aplicacions online que un company ha recollit, l'\u00d3scar Duran.\r\n\r\n<a href=\"https:\/\/agora.xtec.cat\/ceip-estel-stguim\/wp-content\/uploads\/usu237\/2025\/06\/Aplicacions-Digitals-online_-Oscar-Duran.pdf\"><img class=\"aligncenter size-large wp-image-9790\" src=\"https:\/\/agora.xtec.cat\/ceip-estel-stguim\/wp-content\/uploads\/usu237\/2025\/06\/preinscripcio-2025-26-3-1024x353.png\" alt=\"\" width=\"1024\" height=\"353\" \/><\/a>\r\n\r\n&nbsp;\r\n\r\n&nbsp;","link":"https:\/\/agora.xtec.cat\/ceip-estel-stguim\/categoria\/estrategia-digital-estel\/","name":"ESTRAT\u00c8GIA DIGITAL ESTEL","slug":"estrategia-digital-estel","taxonomy":"category","parent":0,"meta":[],"_links":{"self":[{"href":"https:\/\/agora.xtec.cat\/ceip-estel-stguim\/wp-json\/wp\/v2\/categories\/146","targetHints":{"allow":["GET"]}}],"collection":[{"href":"https:\/\/agora.xtec.cat\/ceip-estel-stguim\/wp-json\/wp\/v2\/categories"}],"about":[{"href":"https:\/\/agora.xtec.cat\/ceip-estel-stguim\/wp-json\/wp\/v2\/taxonomies\/category"}],"wp:post_type":[{"href":"https:\/\/agora.xtec.cat\/ceip-estel-stguim\/wp-json\/wp\/v2\/posts?categories=146"}],"curies":[{"name":"wp","href":"https:\/\/api.w.org\/{rel}","templated":true}]}}