{"id":142,"count":0,"description":"<h2>Qu\u00e8 \u00e9s la diagnosi dins l'Estrat\u00e8gia Digital de Centre?<\/h2>\r\n<a href=\"https:\/\/projectes.xtec.cat\/edc-suport\/diagnosi\/\"><img class=\"aligncenter size-large wp-image-8170\" src=\"https:\/\/agora.xtec.cat\/ceip-estel-stguim\/wp-content\/uploads\/usu237\/2022\/12\/DIAGNOSI2-1024x390.png\" alt=\"\" width=\"1024\" height=\"390\" \/><\/a>\r\n<h2><\/h2>\r\n<h2><strong>Quina \u00e9s la diagnosi a l'Escola l'Estel?<\/strong><\/h2>\r\n<ul>\r\n \t<li>Informe a partir de l'eina Selfie:<\/li>\r\n<\/ul>\r\n<a href=\"https:\/\/agora.xtec.cat\/ceip-estel-stguim\/wp-content\/uploads\/usu237\/2022\/12\/SELFIE-resultats.pdf\"><img class=\"aligncenter wp-image-8184\" src=\"https:\/\/agora.xtec.cat\/ceip-estel-stguim\/wp-content\/uploads\/usu237\/2022\/12\/resum-selfie.png\" alt=\"\" width=\"259\" height=\"355\" \/><\/a>\r\n<ul>\r\n \t<li>Punts forts i punts febles a partir de la diagnosi: \u00a0 \u00a0 \u00a0 \u00a0 \u00a0 \u00a0\u00a0 \u00a0\u00a0 \u00a0\u00a0 \u00a0\u00a0 \u00a0\u00a0 \u00a0\u00a0 \u00a0\u00a0 \u00a0\u00a0 \u00a0\u00a0 \u00a0\u00a0 \u00a0\u00a0 \u00a0\u00a0 \u00a0\u00a0 \u00a0\u00a0 \u00a0\u00a0 \u00a0\u00a0 \u00a0\u00a0 \u00a0\u00a0 \u00a0\u00a0 \u00a0\u00a0 \u00a0\u00a0 \u00a0\u00a0 \u00a0\u00a0 \u00a0\u00a0 \u00a0\u00a0 <a href=\"https:\/\/agora.xtec.cat\/ceip-estel-stguim\/wp-content\/uploads\/usu237\/2022\/12\/Escola-lestel-Buidatge-diagnosi-i-objectius-2%EF%B8%8F%E2%83%A3Resultats-diagnosi-1.pdf\"><img class=\"aligncenter wp-image-8188\" src=\"https:\/\/agora.xtec.cat\/ceip-estel-stguim\/wp-content\/uploads\/usu237\/2022\/12\/resultats-diagnosi.png\" alt=\"\" width=\"181\" height=\"82\" \/><\/a><\/li>\r\n<\/ul>","link":"https:\/\/agora.xtec.cat\/ceip-estel-stguim\/categoria\/estrategia-digital-de-centre\/diagnosi\/","name":"DIAGNOSI","slug":"diagnosi","taxonomy":"category","parent":136,"meta":[],"_links":{"self":[{"href":"https:\/\/agora.xtec.cat\/ceip-estel-stguim\/wp-json\/wp\/v2\/categories\/142","targetHints":{"allow":["GET"]}}],"collection":[{"href":"https:\/\/agora.xtec.cat\/ceip-estel-stguim\/wp-json\/wp\/v2\/categories"}],"about":[{"href":"https:\/\/agora.xtec.cat\/ceip-estel-stguim\/wp-json\/wp\/v2\/taxonomies\/category"}],"up":[{"embeddable":true,"href":"https:\/\/agora.xtec.cat\/ceip-estel-stguim\/wp-json\/wp\/v2\/categories\/136"}],"wp:post_type":[{"href":"https:\/\/agora.xtec.cat\/ceip-estel-stguim\/wp-json\/wp\/v2\/posts?categories=142"}],"curies":[{"name":"wp","href":"https:\/\/api.w.org\/{rel}","templated":true}]}}