{"id":136,"count":0,"description":"<p style=\"text-align: left;\">A l'Escola l'Estel estem immersos en un proc\u00e9s de revisi\u00f3 i canvis respecte a tot all\u00f2 que est\u00e0 relacionat amb les noves tecnologies.\u00a0 L'estrat\u00e8gia s'organitza en 4 punts.<\/p>\r\n<p style=\"text-align: center;\"><img class=\"\" src=\"https:\/\/projectes.xtec.cat\/edc-suport\/wp-content\/uploads\/usu2435\/2021\/03\/edc2.jpg\" alt=\"Guia d'elaboraci\u00f3 de l'EDC | Suport EDC\" width=\"419\" height=\"210\" \/><\/p>\r\n\r\n<table style=\"border-collapse: collapse; width: 100%;\">\r\n<tbody>\r\n<tr>\r\n<td style=\"width: 25%;\"><a href=\"https:\/\/agora.xtec.cat\/ceip-estel-stguim\/categoria\/estrategia-digital-de-centre\/diagnosi\/\"><img class=\"aligncenter size-full wp-image-8164\" src=\"https:\/\/agora.xtec.cat\/ceip-estel-stguim\/wp-content\/uploads\/usu237\/2022\/12\/diagnosi.png\" alt=\"\" width=\"267\" height=\"129\" \/><\/a><\/td>\r\n<td style=\"width: 25%;\"><a href=\"https:\/\/agora.xtec.cat\/ceip-estel-stguim\/categoria\/estrategia-digital-de-centre\/objectius\/\"><img class=\"aligncenter size-full wp-image-8165\" src=\"https:\/\/agora.xtec.cat\/ceip-estel-stguim\/wp-content\/uploads\/usu237\/2022\/12\/objectius.png\" alt=\"\" width=\"274\" height=\"122\" \/><\/a><\/td>\r\n<td style=\"width: 25%;\"><a href=\"https:\/\/agora.xtec.cat\/ceip-estel-stguim\/categoria\/estrategia-digital-de-centre\/planificacio\/\"><img class=\"aligncenter size-full wp-image-8166\" src=\"https:\/\/agora.xtec.cat\/ceip-estel-stguim\/wp-content\/uploads\/usu237\/2022\/12\/planificacio.png\" alt=\"\" width=\"258\" height=\"134\" \/><\/a><\/td>\r\n<td style=\"width: 25%;\"><a href=\"https:\/\/agora.xtec.cat\/ceip-estel-stguim\/categoria\/estrategia-digital-de-centre\/avaluacio-edc\/\"><img class=\"aligncenter size-full wp-image-8167\" src=\"https:\/\/agora.xtec.cat\/ceip-estel-stguim\/wp-content\/uploads\/usu237\/2022\/12\/avaluacio.png\" alt=\"\" width=\"263\" height=\"103\" \/><\/a><\/td>\r\n<\/tr>\r\n<\/tbody>\r\n<\/table>","link":"https:\/\/agora.xtec.cat\/ceip-estel-stguim\/categoria\/estrategia-digital-de-centre\/","name":"Estrat\u00e8gia digital de centre","slug":"estrategia-digital-de-centre","taxonomy":"category","parent":0,"meta":[],"_links":{"self":[{"href":"https:\/\/agora.xtec.cat\/ceip-estel-stguim\/wp-json\/wp\/v2\/categories\/136","targetHints":{"allow":["GET"]}}],"collection":[{"href":"https:\/\/agora.xtec.cat\/ceip-estel-stguim\/wp-json\/wp\/v2\/categories"}],"about":[{"href":"https:\/\/agora.xtec.cat\/ceip-estel-stguim\/wp-json\/wp\/v2\/taxonomies\/category"}],"wp:post_type":[{"href":"https:\/\/agora.xtec.cat\/ceip-estel-stguim\/wp-json\/wp\/v2\/posts?categories=136"}],"curies":[{"name":"wp","href":"https:\/\/api.w.org\/{rel}","templated":true}]}}