{"id":133,"count":7,"description":"L'esport \u00e9s vida, l'esport \u00e9s salut, i m\u00e9s despr\u00e9s de tant covid, confinament i repressi\u00f3. \u00c9s per aix\u00f2 que entre tot l'alumnat de l'escola l'Estel probablement aquest curs 2021-22 s'hagi triat l'esport i l'activitat f\u00edsica com a eix conductor d'aquesta setmana tant especial per a nosaltres.","link":"https:\/\/agora.xtec.cat\/ceip-estel-stguim\/categoria\/eix-transversal-categoria\/setmana-de-lesport\/","name":"Setmana de l'esport","slug":"setmana-de-lesport","taxonomy":"category","parent":53,"meta":[],"_links":{"self":[{"href":"https:\/\/agora.xtec.cat\/ceip-estel-stguim\/wp-json\/wp\/v2\/categories\/133","targetHints":{"allow":["GET"]}}],"collection":[{"href":"https:\/\/agora.xtec.cat\/ceip-estel-stguim\/wp-json\/wp\/v2\/categories"}],"about":[{"href":"https:\/\/agora.xtec.cat\/ceip-estel-stguim\/wp-json\/wp\/v2\/taxonomies\/category"}],"up":[{"embeddable":true,"href":"https:\/\/agora.xtec.cat\/ceip-estel-stguim\/wp-json\/wp\/v2\/categories\/53"}],"wp:post_type":[{"href":"https:\/\/agora.xtec.cat\/ceip-estel-stguim\/wp-json\/wp\/v2\/posts?categories=133"}],"curies":[{"name":"wp","href":"https:\/\/api.w.org\/{rel}","templated":true}]}}