{"id":115,"count":16,"description":"<p style=\"text-align: center;\">La coordinadora de biblioteca, l'\u00c0ngels Vilardosa,\u00a0 ens acaba d'informar que han robat un llibre molt antic de la biblioteca de l'escola, <span style=\"background-color: transparent; box-sizing: border-box; color: #222222; direction: ltr; display: inline; float: none; font-family: ' helvetica neue','helvetica',helvetica,arial,sans-serif; font-size: 16px; font-style: normal; font-variant: normal; font-weight: 400; letter-spacing: normal; line-height: 25.6px; orphans: 2; text-align: center; text-decoration: none; text-indent: 0px; text-transform: none; -webkit-text-stroke-width: 0px; white-space: normal; word-spacing: 0px;\">aprofitant el confinament de la gent a les seves cases, <\/span>concretament un exemplar d'Ast\u00e8rix i Ob\u00e8lix original i firmat pels seus creadors, Ren\u00e9 Goscinny i Albert Uderzo. Aquest llibre \u00e9s molt valu\u00f3s i podria arribar a altes xifres si el lladre aconsegueix vendre'l al mercat negre.<\/p>\r\n<p style=\"text-align: center;\">L'Ajuntament de Sant Guim, encap\u00e7alat pel Paco Lluch, l'alcalde, est\u00e0 investigant al voltant d'alguns\u00a0 sospitosos i sospitoses\u2026<\/p>\r\n<em>Cliqueu la imatge per veure el tr\u00e1iler del joc.<\/em>\r\n\r\n<a href=\"https:\/\/youtu.be\/5-99dkfLmu8\"><img class=\"aligncenter size-full wp-image-5188\" src=\"https:\/\/agora.xtec.cat\/ceip-estel-stguim\/wp-content\/uploads\/usu237\/2020\/03\/ATRAPALO-CARTEL-copia.jpg\" alt=\"\" width=\"704\" height=\"845\" \/><\/a>\r\n<strong>NOTA<\/strong>: el present joc barreja la realitat i la ficci\u00f3.\r\n\r\n<a href=\"https:\/\/docs.google.com\/forms\/d\/e\/1FAIpQLSfGHuSnc7r3Jmrk8Pm4w9ewp4LJ7EHjOdRhbtnwe52XD2AAMQ\/viewform\">&gt;&gt;&gt; INSCRIPCI\u00d3 AL JOC \"MISTERI A LA BIBLIOTECA\"<\/a>","link":"https:\/\/agora.xtec.cat\/ceip-estel-stguim\/categoria\/misteri-a-la-biblioteca\/","name":"Misteri a la biblioteca","slug":"misteri-a-la-biblioteca","taxonomy":"category","parent":0,"meta":[],"_links":{"self":[{"href":"https:\/\/agora.xtec.cat\/ceip-estel-stguim\/wp-json\/wp\/v2\/categories\/115","targetHints":{"allow":["GET"]}}],"collection":[{"href":"https:\/\/agora.xtec.cat\/ceip-estel-stguim\/wp-json\/wp\/v2\/categories"}],"about":[{"href":"https:\/\/agora.xtec.cat\/ceip-estel-stguim\/wp-json\/wp\/v2\/taxonomies\/category"}],"wp:post_type":[{"href":"https:\/\/agora.xtec.cat\/ceip-estel-stguim\/wp-json\/wp\/v2\/posts?categories=115"}],"curies":[{"name":"wp","href":"https:\/\/api.w.org\/{rel}","templated":true}]}}