{"id":720,"date":"2019-03-27T09:49:20","date_gmt":"2019-03-27T08:49:20","guid":{"rendered":"http:\/\/agora.xtec.cat\/ceip-espriu-montgat\/?p=720"},"modified":"2019-03-27T09:49:20","modified_gmt":"2019-03-27T08:49:20","slug":"ampa","status":"publish","type":"post","link":"https:\/\/agora.xtec.cat\/ceip-espriu-montgat\/afa\/ampa\/","title":{"rendered":"AMPA"},"content":{"rendered":"<h4 style=\"text-align: justify;\"><strong><u>AMPA<\/u><\/strong><\/h4>\n<p style=\"text-align: justify;\">L\u2019AMPA \u00e9s l\u2019Associaci\u00f3 de Mares i Pares d\u2019Alumnes de l\u2019escola. \u00c9s una associaci\u00f3 sense\u00a0\u00e0nim de lucre \u00a0encarregada de gestionar els recursos que aporten els socis (pares i mares\u00a0dels alumnes) per contribuir a oferir i garantir el millor servei als nostres fills durant tota\u00a0l\u2019etapa educativa i participar activament en el dia a dia de l\u2019Escola.<\/p>\n<h4 style=\"text-align: justify;\"><strong>Qu\u00e8 fa l\u2019AMPA?<\/strong><\/h4>\n<ul style=\"text-align: justify;\">\n<li>Coordina l\u2019organitzaci\u00f3 de les Activitats Extraescolars, l\u2019esplai i el servei d&#8217;acollida del\u00a0mat\u00ed. (Us podeu informar durant la \u00a0distribuci\u00f3 dels llibres).<\/li>\n<li>Organitza actes festius (Festa de fi de curs).<\/li>\n<li>Contribueix econ\u00f2micament cada curs en la millora de les infraestructures escolars i en\u00a0la renovaci\u00f3 del material educatiu i inform\u00e0tic que l\u2019Escola precisi, ja sigui per mitj\u00e0 de\u00a0l\u2019aportaci\u00f3 al pressupost anual de l\u2019Escola o b\u00e9 per mitj\u00e0 d\u2019aportacions puntuals i\u00a0espec\u00edfiques.<\/li>\n<li>Participa i col\u00b7labora en totes aquelles activitats educatives i l\u00fadiques en qu\u00e8 la direcci\u00f3 de\u00a0l\u2019escola la reclama, especialment en les Jornades Culturals.<\/li>\n<li>Gestiona la distribuci\u00f3 i venda dels llibres de text i materials escolars de l\u2019alumnat del\u00a0centre.<\/li>\n<\/ul>\n<h4 style=\"text-align: justify;\"><strong>Per qu\u00e8 serveix ?<\/strong><\/h4>\n<ul style=\"text-align: justify;\">\n<li>\u00c9s el principal interlocutor que tenen els mestres i l\u2019equip directiu per tractar els temes que\u00a0afecten a tot el col\u00b7lectiu de les fam\u00edlies.<\/li>\n<li>Permet als pares i mares reflexionar i opinar sobre el funcionament quotidi\u00e0 de l\u2019escola i\u00a0sobre temes educatius d\u2019abast m\u00e9s general.<\/li>\n<li>L&#8217;AMPA t\u00e9 el seu representant al Consell escolar del centre.<\/li>\n<\/ul>\n<h6 style=\"text-align: justify;\"><strong>QUOTA AMPA: 25\u20ac per fam\u00edlia i curs.<\/strong><\/h6>\n","protected":false},"excerpt":{"rendered":"<p>AMPA<br \/>\nL\u2019AMPA \u00e9s l\u2019Associaci\u00f3 de Mares i Pares d\u2019Alumnes de l\u2019escola. \u00c9s una associaci\u00f3 sense\u00a0\u00e0nim de lucre \u00a0encarregada de gestionar els recursos que aporten els socis (pares i mares\u00a0dels alumnes) per contribuir a oferir i garantir el millor servei als nostres fills durant tota\u00a0l\u2019etapa educativa i&hellip;  <a href=\"https:\/\/agora.xtec.cat\/ceip-espriu-montgat\/afa\/ampa\/\" title=\"Read AMPA\">Llegeix m\u00e9s\u00bb<\/a><\/p>\n","protected":false},"author":1,"featured_media":0,"comment_status":"open","ping_status":"closed","sticky":false,"template":"","format":"standard","meta":{"_bbp_topic_count":0,"_bbp_reply_count":0,"_bbp_total_topic_count":0,"_bbp_total_reply_count":0,"_bbp_voice_count":0,"_bbp_anonymous_reply_count":0,"_bbp_topic_count_hidden":0,"_bbp_reply_count_hidden":0,"_bbp_forum_subforum_count":0,"footnotes":""},"categories":[7],"tags":[],"class_list":["post-720","post","type-post","status-publish","format-standard","hentry","category-afa"],"post_mailing_queue_ids":[],"_links":{"self":[{"href":"https:\/\/agora.xtec.cat\/ceip-espriu-montgat\/wp-json\/wp\/v2\/posts\/720","targetHints":{"allow":["GET"]}}],"collection":[{"href":"https:\/\/agora.xtec.cat\/ceip-espriu-montgat\/wp-json\/wp\/v2\/posts"}],"about":[{"href":"https:\/\/agora.xtec.cat\/ceip-espriu-montgat\/wp-json\/wp\/v2\/types\/post"}],"author":[{"embeddable":true,"href":"https:\/\/agora.xtec.cat\/ceip-espriu-montgat\/wp-json\/wp\/v2\/users\/1"}],"replies":[{"embeddable":true,"href":"https:\/\/agora.xtec.cat\/ceip-espriu-montgat\/wp-json\/wp\/v2\/comments?post=720"}],"version-history":[{"count":1,"href":"https:\/\/agora.xtec.cat\/ceip-espriu-montgat\/wp-json\/wp\/v2\/posts\/720\/revisions"}],"predecessor-version":[{"id":721,"href":"https:\/\/agora.xtec.cat\/ceip-espriu-montgat\/wp-json\/wp\/v2\/posts\/720\/revisions\/721"}],"wp:attachment":[{"href":"https:\/\/agora.xtec.cat\/ceip-espriu-montgat\/wp-json\/wp\/v2\/media?parent=720"}],"wp:term":[{"taxonomy":"category","embeddable":true,"href":"https:\/\/agora.xtec.cat\/ceip-espriu-montgat\/wp-json\/wp\/v2\/categories?post=720"},{"taxonomy":"post_tag","embeddable":true,"href":"https:\/\/agora.xtec.cat\/ceip-espriu-montgat\/wp-json\/wp\/v2\/tags?post=720"}],"curies":[{"name":"wp","href":"https:\/\/api.w.org\/{rel}","templated":true}]}}