{"id":1564,"date":"2020-05-21T20:18:30","date_gmt":"2020-05-21T18:18:30","guid":{"rendered":"http:\/\/agora.xtec.cat\/ceip-espriu-montgat\/?p=1564"},"modified":"2020-05-21T20:18:30","modified_gmt":"2020-05-21T18:18:30","slug":"p3-proposta-dactivitats-del-22-al-28-de-maig","status":"publish","type":"post","link":"https:\/\/agora.xtec.cat\/ceip-espriu-montgat\/infantil\/p3-proposta-dactivitats-del-22-al-28-de-maig\/","title":{"rendered":"P3 proposta d\u2019activitats del 22 al 28 de maig"},"content":{"rendered":"<p>Estimats cargols, conillets i fam\u00edlies!!<\/p>\n<p>Com esteu?<\/p>\n<p>Recordeu que podeu escriure o enviar alguna foto o v\u00eddeo al mail de <a href=\"mailto:p3@espriumontgat.cat\" target=\"_blank\" rel=\"noopener noreferrer\">p3@espriumontgat.cat<\/a> perqu\u00e8 puguem veure les activitats que feu. Ho podeu enviar amb wetransfer si s\u00f3n molts arxius de fotos i v\u00eddeos. Tamb\u00e9 necessitem que feu una autoavaluaci\u00f3 de les feines posant una cara contenta o trista, o un dit fent ok amunt o avall al costat de la feina. Aix\u00ed podem saber com li ha anat al vostre fill\/a fer les feines.<\/p>\n<p>Les propostes no s\u00f3n obligat\u00f2ries per\u00f2 ens agrada molt rebre correus dels nens i nenes i veure tot all\u00f2 que feu a casa. Les propostes les fem el divendres, i teniu temps fins el dijous seg\u00fcent per retornar-les totes juntes en un sol correu. \u00c9s a dir, que les propostes d\u2019aquest divendres, les haureu de retornar com a molt tard el dijous 28 de maig.<\/p>\n<p>Aquesta setmana continuem amb les videoconfer\u00e8ncies per ZOOM amb el grup sencer. Tindran una durada de 30 minuts i es podran apuntar els nens i nenes que vulguin.<\/p>\n<p><a href=\"https:\/\/agora.xtec.cat\/ceip-espriu-montgat\/wp-content\/uploads\/usu1919\/2020\/05\/P3-22-28-MAIG.pdf\">P3 propostes 22-28 MAIG<\/a><\/p>\n<p>Moltes gr\u00e0cies per la vostra col\u00b7laboraci\u00f3 en totes les tasques i comunicacions, mames i papes! Sense el vosaltres no seria possible!<\/p>\n<p>Elena i Irene<\/p>\n","protected":false},"excerpt":{"rendered":"<p>Estimats cargols, conillets i fam\u00edlies!!<br \/>\nCom esteu?<br \/>\nRecordeu que podeu escriure o enviar alguna foto o v\u00eddeo al mail de <a href=\"mailto:p3@espriumontgat.cat\" target=\"_blank\" rel=\"noopener noreferrer\">p3@espriumontgat.cat<\/a> perqu\u00e8 puguem veure les activitats que feu. Ho podeu enviar amb wetransfer si s\u00f3n molts arxius de fotos i v\u00eddeos. Tamb\u00e9 necessitem&hellip;  <a href=\"https:\/\/agora.xtec.cat\/ceip-espriu-montgat\/infantil\/p3-proposta-dactivitats-del-22-al-28-de-maig\/\" title=\"Read P3 proposta d\u2019activitats del 22 al 28 de maig\">Llegeix m\u00e9s\u00bb<\/a><\/p>\n","protected":false},"author":1,"featured_media":1568,"comment_status":"open","ping_status":"closed","sticky":false,"template":"","format":"standard","meta":{"_bbp_topic_count":0,"_bbp_reply_count":0,"_bbp_total_topic_count":0,"_bbp_total_reply_count":0,"_bbp_voice_count":0,"_bbp_anonymous_reply_count":0,"_bbp_topic_count_hidden":0,"_bbp_reply_count_hidden":0,"_bbp_forum_subforum_count":0,"footnotes":""},"categories":[2,3],"tags":[],"class_list":["post-1564","post","type-post","status-publish","format-standard","has-post-thumbnail","hentry","category-infantil","category-p3"],"post_mailing_queue_ids":[],"_links":{"self":[{"href":"https:\/\/agora.xtec.cat\/ceip-espriu-montgat\/wp-json\/wp\/v2\/posts\/1564","targetHints":{"allow":["GET"]}}],"collection":[{"href":"https:\/\/agora.xtec.cat\/ceip-espriu-montgat\/wp-json\/wp\/v2\/posts"}],"about":[{"href":"https:\/\/agora.xtec.cat\/ceip-espriu-montgat\/wp-json\/wp\/v2\/types\/post"}],"author":[{"embeddable":true,"href":"https:\/\/agora.xtec.cat\/ceip-espriu-montgat\/wp-json\/wp\/v2\/users\/1"}],"replies":[{"embeddable":true,"href":"https:\/\/agora.xtec.cat\/ceip-espriu-montgat\/wp-json\/wp\/v2\/comments?post=1564"}],"version-history":[{"count":1,"href":"https:\/\/agora.xtec.cat\/ceip-espriu-montgat\/wp-json\/wp\/v2\/posts\/1564\/revisions"}],"predecessor-version":[{"id":1569,"href":"https:\/\/agora.xtec.cat\/ceip-espriu-montgat\/wp-json\/wp\/v2\/posts\/1564\/revisions\/1569"}],"wp:featuredmedia":[{"embeddable":true,"href":"https:\/\/agora.xtec.cat\/ceip-espriu-montgat\/wp-json\/wp\/v2\/media\/1568"}],"wp:attachment":[{"href":"https:\/\/agora.xtec.cat\/ceip-espriu-montgat\/wp-json\/wp\/v2\/media?parent=1564"}],"wp:term":[{"taxonomy":"category","embeddable":true,"href":"https:\/\/agora.xtec.cat\/ceip-espriu-montgat\/wp-json\/wp\/v2\/categories?post=1564"},{"taxonomy":"post_tag","embeddable":true,"href":"https:\/\/agora.xtec.cat\/ceip-espriu-montgat\/wp-json\/wp\/v2\/tags?post=1564"}],"curies":[{"name":"wp","href":"https:\/\/api.w.org\/{rel}","templated":true}]}}