{"id":1506,"date":"2020-05-07T21:06:51","date_gmt":"2020-05-07T19:06:51","guid":{"rendered":"http:\/\/agora.xtec.cat\/ceip-espriu-montgat\/?p=1506"},"modified":"2020-05-07T19:07:02","modified_gmt":"2020-05-07T17:07:02","slug":"p4-propostes-dactivitats-del-8-al-14-de-maig","status":"publish","type":"post","link":"https:\/\/agora.xtec.cat\/ceip-espriu-montgat\/infantil\/p4-propostes-dactivitats-del-8-al-14-de-maig\/","title":{"rendered":"P4 Propostes d&#8217;activitats del 8 al 14 de maig"},"content":{"rendered":"<p>Hola nens i nenes i fam\u00edlies!!<\/p>\n<p>Com esteu? Esperem que continueu molt b\u00e9!<\/p>\n<p>Recordeu que podeu escriure o enviar alguna foto o v\u00eddeo al mail de <a href=\"mailto:p4@espriumontgat.cat\" target=\"_blank\" rel=\"noopener noreferrer\">p4@espriumontgat.cat<\/a> perqu\u00e8 puguem veure les activitats que feu. Ho podeu enviar en format pdf si s\u00f3n fotos o amb wetransfer si s\u00f3n v\u00eddeos.<\/p>\n<p>Tamb\u00e9 necessitem que feu una autoavaluaci\u00f3 de les feines posant una cara contenta \/ trista, o un dit fent ok o cap avall al costat de la feina. Aix\u00ed podem saber com li ha anat al nen\/a al fer les feines. Les propostes no s\u00f3n obligat\u00f2ries per\u00f2 ens agrada molt rebre correus dels nens i nenes i veure tot all\u00f2 que feu a casa.<\/p>\n<p>Les propostes les fem el divendres, i teniu temps fins el dijous seg\u00fcent per retornar-les totes juntes en un sol correu. \u00c9s a dir, que les propostes d\u2019aquest divendres, les haureu de retornar com a molt tard el dijous 14 de maig.<\/p>\n<h4><a href=\"https:\/\/agora.xtec.cat\/ceip-espriu-montgat\/wp-content\/uploads\/usu1919\/2020\/05\/P4-8-14-MAIG.pdf\">P4 Propostes 8-14 MAIG<\/a><\/h4>\n<p>Moltes gr\u00e0cies per la vostra col.laboraci\u00f3.<\/p>\n<p>Una abra\u00e7ada molt gran per totes i tots!!<\/p>\n<p>Al\u00edcia i Raquel<\/p>\n","protected":false},"excerpt":{"rendered":"<p>Hola nens i nenes i fam\u00edlies!!<br \/>\nCom esteu? Esperem que continueu molt b\u00e9!<br \/>\nRecordeu que podeu escriure o enviar alguna foto o v\u00eddeo al mail de <a href=\"mailto:p4@espriumontgat.cat\" target=\"_blank\" rel=\"noopener noreferrer\">p4@espriumontgat.cat<\/a> perqu\u00e8 puguem veure les activitats que feu. Ho podeu enviar en format pdf si s\u00f3n fotos&hellip;  <a href=\"https:\/\/agora.xtec.cat\/ceip-espriu-montgat\/infantil\/p4-propostes-dactivitats-del-8-al-14-de-maig\/\" title=\"Read P4 Propostes d&#8217;activitats del 8 al 14 de maig\">Llegeix m\u00e9s\u00bb<\/a><\/p>\n","protected":false},"author":1,"featured_media":1503,"comment_status":"open","ping_status":"closed","sticky":false,"template":"","format":"standard","meta":{"_bbp_topic_count":0,"_bbp_reply_count":0,"_bbp_total_topic_count":0,"_bbp_total_reply_count":0,"_bbp_voice_count":0,"_bbp_anonymous_reply_count":0,"_bbp_topic_count_hidden":0,"_bbp_reply_count_hidden":0,"_bbp_forum_subforum_count":0,"footnotes":""},"categories":[2,8],"tags":[],"class_list":["post-1506","post","type-post","status-publish","format-standard","has-post-thumbnail","hentry","category-infantil","category-p4"],"post_mailing_queue_ids":[],"_links":{"self":[{"href":"https:\/\/agora.xtec.cat\/ceip-espriu-montgat\/wp-json\/wp\/v2\/posts\/1506","targetHints":{"allow":["GET"]}}],"collection":[{"href":"https:\/\/agora.xtec.cat\/ceip-espriu-montgat\/wp-json\/wp\/v2\/posts"}],"about":[{"href":"https:\/\/agora.xtec.cat\/ceip-espriu-montgat\/wp-json\/wp\/v2\/types\/post"}],"author":[{"embeddable":true,"href":"https:\/\/agora.xtec.cat\/ceip-espriu-montgat\/wp-json\/wp\/v2\/users\/1"}],"replies":[{"embeddable":true,"href":"https:\/\/agora.xtec.cat\/ceip-espriu-montgat\/wp-json\/wp\/v2\/comments?post=1506"}],"version-history":[{"count":1,"href":"https:\/\/agora.xtec.cat\/ceip-espriu-montgat\/wp-json\/wp\/v2\/posts\/1506\/revisions"}],"predecessor-version":[{"id":1508,"href":"https:\/\/agora.xtec.cat\/ceip-espriu-montgat\/wp-json\/wp\/v2\/posts\/1506\/revisions\/1508"}],"wp:featuredmedia":[{"embeddable":true,"href":"https:\/\/agora.xtec.cat\/ceip-espriu-montgat\/wp-json\/wp\/v2\/media\/1503"}],"wp:attachment":[{"href":"https:\/\/agora.xtec.cat\/ceip-espriu-montgat\/wp-json\/wp\/v2\/media?parent=1506"}],"wp:term":[{"taxonomy":"category","embeddable":true,"href":"https:\/\/agora.xtec.cat\/ceip-espriu-montgat\/wp-json\/wp\/v2\/categories?post=1506"},{"taxonomy":"post_tag","embeddable":true,"href":"https:\/\/agora.xtec.cat\/ceip-espriu-montgat\/wp-json\/wp\/v2\/tags?post=1506"}],"curies":[{"name":"wp","href":"https:\/\/api.w.org\/{rel}","templated":true}]}}