{"id":2876,"date":"2017-02-10T12:28:36","date_gmt":"2017-02-10T11:28:36","guid":{"rendered":"http:\/\/agora.xtec.cat\/ceip-espai3-sjdespi\/?p=2876"},"modified":"2017-02-15T13:05:05","modified_gmt":"2017-02-15T12:05:05","slug":"treballem-el-sindrome-de-stickler","status":"publish","type":"post","link":"https:\/\/agora.xtec.cat\/ceip-espai3-sjdespi\/mitjans\/4t\/treballem-el-sindrome-de-stickler\/","title":{"rendered":"TREBALLEM EL S\u00cdNDROME DE STICKLER"},"content":{"rendered":"<p>Els alumnes de 4rt hem treballat des de la tutoria el s\u00edndrome de Stickler. Hem vist uns v\u00eddeos que ens explicaven quines s\u00f3n les caracter\u00edstiques d&#8217; aquest tipus de s\u00edndrome i de quina manera \u00a0afecta a les persones que el pateixen. Despr\u00e9s els nens i nenes han fet treballs en grup.<\/p>\n<p>Aqu\u00ed teniu el resultat de les seves reflexions!!<\/p>\n<p><a href=\"http:\/\/agora.xtec.cat\/ceip-espai3-sjdespi\/wp-content\/uploads\/usu243\/2017\/02\/Fitxer_000-3.jpeg\"><img loading=\"lazy\" decoding=\"async\" class=\"alignnone wp-image-2840\" src=\"http:\/\/agora.xtec.cat\/ceip-espai3-sjdespi\/wp-content\/uploads\/usu243\/2017\/02\/Fitxer_000-3-1024x768.jpeg\" alt=\"fitxer_000-3\" width=\"422\" height=\"316\" srcset=\"https:\/\/agora.xtec.cat\/ceip-espai3-sjdespi\/wp-content\/uploads\/usu243\/2017\/02\/Fitxer_000-3-1024x768.jpeg 1024w, https:\/\/agora.xtec.cat\/ceip-espai3-sjdespi\/wp-content\/uploads\/usu243\/2017\/02\/Fitxer_000-3-300x225.jpeg 300w, https:\/\/agora.xtec.cat\/ceip-espai3-sjdespi\/wp-content\/uploads\/usu243\/2017\/02\/Fitxer_000-3-768x576.jpeg 768w, https:\/\/agora.xtec.cat\/ceip-espai3-sjdespi\/wp-content\/uploads\/usu243\/2017\/02\/Fitxer_000-3-200x150.jpeg 200w, https:\/\/agora.xtec.cat\/ceip-espai3-sjdespi\/wp-content\/uploads\/usu243\/2017\/02\/Fitxer_000-3.jpeg 1600w\" sizes=\"auto, (max-width: 422px) 100vw, 422px\" \/><\/a><a href=\"http:\/\/agora.xtec.cat\/ceip-espai3-sjdespi\/wp-content\/uploads\/usu243\/2017\/02\/Fitxer_000-1.jpeg\"><img loading=\"lazy\" decoding=\"async\" class=\"alignnone wp-image-2846\" src=\"http:\/\/agora.xtec.cat\/ceip-espai3-sjdespi\/wp-content\/uploads\/usu243\/2017\/02\/Fitxer_000-1-1024x768.jpeg\" alt=\"fitxer_000-1\" width=\"423\" height=\"317\" srcset=\"https:\/\/agora.xtec.cat\/ceip-espai3-sjdespi\/wp-content\/uploads\/usu243\/2017\/02\/Fitxer_000-1-1024x768.jpeg 1024w, https:\/\/agora.xtec.cat\/ceip-espai3-sjdespi\/wp-content\/uploads\/usu243\/2017\/02\/Fitxer_000-1-300x225.jpeg 300w, https:\/\/agora.xtec.cat\/ceip-espai3-sjdespi\/wp-content\/uploads\/usu243\/2017\/02\/Fitxer_000-1-768x576.jpeg 768w, https:\/\/agora.xtec.cat\/ceip-espai3-sjdespi\/wp-content\/uploads\/usu243\/2017\/02\/Fitxer_000-1-200x150.jpeg 200w, https:\/\/agora.xtec.cat\/ceip-espai3-sjdespi\/wp-content\/uploads\/usu243\/2017\/02\/Fitxer_000-1.jpeg 1600w\" sizes=\"auto, (max-width: 423px) 100vw, 423px\" \/><\/a> <a href=\"http:\/\/agora.xtec.cat\/ceip-espai3-sjdespi\/wp-content\/uploads\/usu243\/2017\/02\/Fitxer_002.jpeg\"><img loading=\"lazy\" decoding=\"async\" class=\"alignnone wp-image-2844\" src=\"http:\/\/agora.xtec.cat\/ceip-espai3-sjdespi\/wp-content\/uploads\/usu243\/2017\/02\/Fitxer_002-1024x768.jpeg\" alt=\"fitxer_002\" width=\"419\" height=\"314\" srcset=\"https:\/\/agora.xtec.cat\/ceip-espai3-sjdespi\/wp-content\/uploads\/usu243\/2017\/02\/Fitxer_002-1024x768.jpeg 1024w, https:\/\/agora.xtec.cat\/ceip-espai3-sjdespi\/wp-content\/uploads\/usu243\/2017\/02\/Fitxer_002-300x225.jpeg 300w, https:\/\/agora.xtec.cat\/ceip-espai3-sjdespi\/wp-content\/uploads\/usu243\/2017\/02\/Fitxer_002-768x576.jpeg 768w, https:\/\/agora.xtec.cat\/ceip-espai3-sjdespi\/wp-content\/uploads\/usu243\/2017\/02\/Fitxer_002-200x150.jpeg 200w, https:\/\/agora.xtec.cat\/ceip-espai3-sjdespi\/wp-content\/uploads\/usu243\/2017\/02\/Fitxer_002.jpeg 1600w\" sizes=\"auto, (max-width: 419px) 100vw, 419px\" \/><\/a><\/p>\n","protected":false},"excerpt":{"rendered":"<p>Els alumnes de 4rt hem treballat des de la tutoria el s\u00edndrome de Stickler. Hem vist uns v\u00eddeos que ens explicaven quines s\u00f3n les caracter\u00edstiques d&#8217; aquest tipus de s\u00edndrome i de quina manera \u00a0afecta a les persones que el pateixen. Despr\u00e9s els nens i nenes han fet treballs en grup. Aqu\u00ed teniu el resultat [&hellip;]<\/p>\n","protected":false},"author":1,"featured_media":2840,"comment_status":"open","ping_status":"open","sticky":false,"template":"","format":"standard","meta":{"_bbp_topic_count":0,"_bbp_reply_count":0,"_bbp_total_topic_count":0,"_bbp_total_reply_count":0,"_bbp_voice_count":0,"_bbp_anonymous_reply_count":0,"_bbp_topic_count_hidden":0,"_bbp_reply_count_hidden":0,"_bbp_forum_subforum_count":0,"site-sidebar-layout":"default","site-content-layout":"","ast-site-content-layout":"","site-content-style":"default","site-sidebar-style":"default","ast-global-header-display":"","ast-banner-title-visibility":"","ast-main-header-display":"","ast-hfb-above-header-display":"","ast-hfb-below-header-display":"","ast-hfb-mobile-header-display":"","site-post-title":"","ast-breadcrumbs-content":"","ast-featured-img":"","footer-sml-layout":"","theme-transparent-header-meta":"","adv-header-id-meta":"","stick-header-meta":"","header-above-stick-meta":"","header-main-stick-meta":"","header-below-stick-meta":"","astra-migrate-meta-layouts":"default","ast-page-background-enabled":"default","ast-page-background-meta":{"desktop":{"background-color":"var(--ast-global-color-4)","background-image":"","background-repeat":"repeat","background-position":"center center","background-size":"auto","background-attachment":"scroll","background-type":"","background-media":"","overlay-type":"","overlay-color":"","overlay-opacity":"","overlay-gradient":""},"tablet":{"background-color":"","background-image":"","background-repeat":"repeat","background-position":"center center","background-size":"auto","background-attachment":"scroll","background-type":"","background-media":"","overlay-type":"","overlay-color":"","overlay-opacity":"","overlay-gradient":""},"mobile":{"background-color":"","background-image":"","background-repeat":"repeat","background-position":"center center","background-size":"auto","background-attachment":"scroll","background-type":"","background-media":"","overlay-type":"","overlay-color":"","overlay-opacity":"","overlay-gradient":""}},"ast-content-background-meta":{"desktop":{"background-color":"var(--ast-global-color-5)","background-image":"","background-repeat":"repeat","background-position":"center center","background-size":"auto","background-attachment":"scroll","background-type":"","background-media":"","overlay-type":"","overlay-color":"","overlay-opacity":"","overlay-gradient":""},"tablet":{"background-color":"var(--ast-global-color-5)","background-image":"","background-repeat":"repeat","background-position":"center center","background-size":"auto","background-attachment":"scroll","background-type":"","background-media":"","overlay-type":"","overlay-color":"","overlay-opacity":"","overlay-gradient":""},"mobile":{"background-color":"var(--ast-global-color-5)","background-image":"","background-repeat":"repeat","background-position":"center center","background-size":"auto","background-attachment":"scroll","background-type":"","background-media":"","overlay-type":"","overlay-color":"","overlay-opacity":"","overlay-gradient":""}},"footnotes":""},"categories":[13,151],"tags":[153],"class_list":["post-2876","post","type-post","status-publish","format-standard","has-post-thumbnail","hentry","category-4t","category-tots-iguals","tag-stickler"],"post_mailing_queue_ids":[],"_links":{"self":[{"href":"https:\/\/agora.xtec.cat\/ceip-espai3-sjdespi\/wp-json\/wp\/v2\/posts\/2876","targetHints":{"allow":["GET"]}}],"collection":[{"href":"https:\/\/agora.xtec.cat\/ceip-espai3-sjdespi\/wp-json\/wp\/v2\/posts"}],"about":[{"href":"https:\/\/agora.xtec.cat\/ceip-espai3-sjdespi\/wp-json\/wp\/v2\/types\/post"}],"author":[{"embeddable":true,"href":"https:\/\/agora.xtec.cat\/ceip-espai3-sjdespi\/wp-json\/wp\/v2\/users\/1"}],"replies":[{"embeddable":true,"href":"https:\/\/agora.xtec.cat\/ceip-espai3-sjdespi\/wp-json\/wp\/v2\/comments?post=2876"}],"version-history":[{"count":1,"href":"https:\/\/agora.xtec.cat\/ceip-espai3-sjdespi\/wp-json\/wp\/v2\/posts\/2876\/revisions"}],"predecessor-version":[{"id":2877,"href":"https:\/\/agora.xtec.cat\/ceip-espai3-sjdespi\/wp-json\/wp\/v2\/posts\/2876\/revisions\/2877"}],"wp:featuredmedia":[{"embeddable":true,"href":"https:\/\/agora.xtec.cat\/ceip-espai3-sjdespi\/wp-json\/wp\/v2\/media\/2840"}],"wp:attachment":[{"href":"https:\/\/agora.xtec.cat\/ceip-espai3-sjdespi\/wp-json\/wp\/v2\/media?parent=2876"}],"wp:term":[{"taxonomy":"category","embeddable":true,"href":"https:\/\/agora.xtec.cat\/ceip-espai3-sjdespi\/wp-json\/wp\/v2\/categories?post=2876"},{"taxonomy":"post_tag","embeddable":true,"href":"https:\/\/agora.xtec.cat\/ceip-espai3-sjdespi\/wp-json\/wp\/v2\/tags?post=2876"}],"curies":[{"name":"wp","href":"https:\/\/api.w.org\/{rel}","templated":true}]}}