{"id":13407,"date":"2023-11-15T12:51:44","date_gmt":"2023-11-15T11:51:44","guid":{"rendered":"https:\/\/agora.xtec.cat\/ceip-espai3-sjdespi\/?p=13407"},"modified":"2023-11-15T12:51:44","modified_gmt":"2023-11-15T11:51:44","slug":"la-setmana-de-la-ciencia-a-la-comunitat-dels-mitjans","status":"publish","type":"post","link":"https:\/\/agora.xtec.cat\/ceip-espai3-sjdespi\/mitjans\/1r\/la-setmana-de-la-ciencia-a-la-comunitat-dels-mitjans\/","title":{"rendered":"La setmana de la ci\u00e8ncia a la comunitat dels mitjans"},"content":{"rendered":"<p><span style=\"font-weight: 400\">Setmana de la ci\u00e8ncia\u00a0<\/span><\/p>\n<p>&nbsp;<\/p>\n<p><span style=\"font-weight: 400\">Aquests \u00faltims dies l\u2019Ajuntament de Sant Joan Desp\u00ed, aprofitant que el 10 de novembre \u00e9s el dia mundial de la ci\u00e8ncia, ha organitzat activitats cient\u00edfiques a tota l\u2019escola.\u00a0<\/span><\/p>\n<p>&nbsp;<\/p>\n<p><span style=\"font-weight: 400\">Cada nivell de la comunitat dels mitjans ha fet una activitat diferent, per\u00f2 totes amb el mateix prop\u00f2sit: <\/span><b>apropar i gaudir de la ci\u00e8ncia a les nostres aules i amb els nostres companys i companyes<\/b><span style=\"font-weight: 400\">.\u00a0<\/span><\/p>\n<p><span style=\"font-weight: 400\">Les Serps i els Camaleons, els nostres companys i companyes de primer, han <\/span><span style=\"font-weight: 400\">fet l\u2019activitat \u201c<\/span>Experiment\u00edvors<span style=\"font-weight: 400\">\u201d: s\u2019han convertit en aut\u00e8ntics cient\u00edfics, han observat i experimentat molt\u00edssim.\u00a0<\/span><\/p>\n<p><span style=\"font-weight: 400\">Els grups de segon han pogut con\u00e8ixer de ben a prop les constel\u00b7lacions m\u00e9s populars i que es poden veure f\u00e0cilment des d\u2019algun punt del nostre municipi.\u00a0<\/span><\/p>\n<p><span style=\"font-weight: 400\">Finalment, els grans de la nostra comunitat, l\u2019alumnat de tercer ha pogut fer construccions i patrons amb polimin\u00f3s a l\u2019aula en petits grups.<\/span><\/p>\n<p>&nbsp;<\/p>\n<p><span style=\"font-weight: 400\">Valorem molt positivament aquestes tres activitats i estem desitjant que torni la setmana de la ci\u00e8ncia el proper any per poder aprendre m\u00e9s.<\/span><\/p>\n<p><strong><a href=\"https:\/\/drive.google.com\/drive\/folders\/1uKFzjSG0RLnjWXOukDZc3d4-G41RqiUb?usp=drive_link\">Us deixem unes quantes fotografies per si voleu veure qu\u00e8 hem fet.\u00a0<\/a><\/strong><\/p>\n","protected":false},"excerpt":{"rendered":"<p>Setmana de la ci\u00e8ncia\u00a0 &nbsp; Aquests \u00faltims dies l\u2019Ajuntament de Sant Joan Desp\u00ed, aprofitant que el 10 de novembre \u00e9s el dia mundial de la ci\u00e8ncia, ha organitzat activitats cient\u00edfiques a tota l\u2019escola.\u00a0 &nbsp; Cada nivell de la comunitat dels mitjans ha fet una activitat diferent, per\u00f2 totes amb el mateix prop\u00f2sit: apropar i gaudir [&hellip;]<\/p>\n","protected":false},"author":46,"featured_media":0,"comment_status":"open","ping_status":"closed","sticky":false,"template":"","format":"standard","meta":{"_bbp_topic_count":0,"_bbp_reply_count":0,"_bbp_total_topic_count":0,"_bbp_total_reply_count":0,"_bbp_voice_count":0,"_bbp_anonymous_reply_count":0,"_bbp_topic_count_hidden":0,"_bbp_reply_count_hidden":0,"_bbp_forum_subforum_count":0,"site-sidebar-layout":"default","site-content-layout":"","ast-site-content-layout":"","site-content-style":"default","site-sidebar-style":"default","ast-global-header-display":"","ast-banner-title-visibility":"","ast-main-header-display":"","ast-hfb-above-header-display":"","ast-hfb-below-header-display":"","ast-hfb-mobile-header-display":"","site-post-title":"","ast-breadcrumbs-content":"","ast-featured-img":"","footer-sml-layout":"","theme-transparent-header-meta":"","adv-header-id-meta":"","stick-header-meta":"","header-above-stick-meta":"","header-main-stick-meta":"","header-below-stick-meta":"","astra-migrate-meta-layouts":"default","ast-page-background-enabled":"default","ast-page-background-meta":{"desktop":{"background-color":"var(--ast-global-color-4)","background-image":"","background-repeat":"repeat","background-position":"center center","background-size":"auto","background-attachment":"scroll","background-type":"","background-media":"","overlay-type":"","overlay-color":"","overlay-opacity":"","overlay-gradient":""},"tablet":{"background-color":"","background-image":"","background-repeat":"repeat","background-position":"center center","background-size":"auto","background-attachment":"scroll","background-type":"","background-media":"","overlay-type":"","overlay-color":"","overlay-opacity":"","overlay-gradient":""},"mobile":{"background-color":"","background-image":"","background-repeat":"repeat","background-position":"center center","background-size":"auto","background-attachment":"scroll","background-type":"","background-media":"","overlay-type":"","overlay-color":"","overlay-opacity":"","overlay-gradient":""}},"ast-content-background-meta":{"desktop":{"background-color":"var(--ast-global-color-5)","background-image":"","background-repeat":"repeat","background-position":"center center","background-size":"auto","background-attachment":"scroll","background-type":"","background-media":"","overlay-type":"","overlay-color":"","overlay-opacity":"","overlay-gradient":""},"tablet":{"background-color":"var(--ast-global-color-5)","background-image":"","background-repeat":"repeat","background-position":"center center","background-size":"auto","background-attachment":"scroll","background-type":"","background-media":"","overlay-type":"","overlay-color":"","overlay-opacity":"","overlay-gradient":""},"mobile":{"background-color":"var(--ast-global-color-5)","background-image":"","background-repeat":"repeat","background-position":"center center","background-size":"auto","background-attachment":"scroll","background-type":"","background-media":"","overlay-type":"","overlay-color":"","overlay-opacity":"","overlay-gradient":""}},"footnotes":""},"categories":[10,11,12],"tags":[],"class_list":["post-13407","post","type-post","status-publish","format-standard","hentry","category-1r","category-2n","category-3r"],"post_mailing_queue_ids":[],"_links":{"self":[{"href":"https:\/\/agora.xtec.cat\/ceip-espai3-sjdespi\/wp-json\/wp\/v2\/posts\/13407","targetHints":{"allow":["GET"]}}],"collection":[{"href":"https:\/\/agora.xtec.cat\/ceip-espai3-sjdespi\/wp-json\/wp\/v2\/posts"}],"about":[{"href":"https:\/\/agora.xtec.cat\/ceip-espai3-sjdespi\/wp-json\/wp\/v2\/types\/post"}],"author":[{"embeddable":true,"href":"https:\/\/agora.xtec.cat\/ceip-espai3-sjdespi\/wp-json\/wp\/v2\/users\/46"}],"replies":[{"embeddable":true,"href":"https:\/\/agora.xtec.cat\/ceip-espai3-sjdespi\/wp-json\/wp\/v2\/comments?post=13407"}],"version-history":[{"count":3,"href":"https:\/\/agora.xtec.cat\/ceip-espai3-sjdespi\/wp-json\/wp\/v2\/posts\/13407\/revisions"}],"predecessor-version":[{"id":13410,"href":"https:\/\/agora.xtec.cat\/ceip-espai3-sjdespi\/wp-json\/wp\/v2\/posts\/13407\/revisions\/13410"}],"wp:attachment":[{"href":"https:\/\/agora.xtec.cat\/ceip-espai3-sjdespi\/wp-json\/wp\/v2\/media?parent=13407"}],"wp:term":[{"taxonomy":"category","embeddable":true,"href":"https:\/\/agora.xtec.cat\/ceip-espai3-sjdespi\/wp-json\/wp\/v2\/categories?post=13407"},{"taxonomy":"post_tag","embeddable":true,"href":"https:\/\/agora.xtec.cat\/ceip-espai3-sjdespi\/wp-json\/wp\/v2\/tags?post=13407"}],"curies":[{"name":"wp","href":"https:\/\/api.w.org\/{rel}","templated":true}]}}