{"id":11591,"date":"2021-04-23T15:44:33","date_gmt":"2021-04-23T13:44:33","guid":{"rendered":"http:\/\/agora.xtec.cat\/ceip-espai3-sjdespi\/?p=11591"},"modified":"2021-04-23T15:44:33","modified_gmt":"2021-04-23T13:44:33","slug":"sant-jordi-2021-p3-a-i-b","status":"publish","type":"post","link":"https:\/\/agora.xtec.cat\/ceip-espai3-sjdespi\/petits\/sant-jordi-2021-p3-a-i-b\/","title":{"rendered":"Sant Jordi 2021. P3 A i B"},"content":{"rendered":"<p>Hola Fam\u00edlies!<\/p>\n<p>Aquests dies hem fet moltes coses relacionades amb la festivitat de Sant Jordi.<\/p>\n<p>Aqu\u00ed us fem un petit tastet de:<\/p>\n<p>-Activitats pl\u00e0stiques; el Drac amb sorra, estampaci\u00f3 de roses amb carfoxes, collage al vestit de la princesa amb roba lluent, el Drac en volum amb tubs de paper de v\u00e0ter&#8230;<\/p>\n<p>-Hem mirat i explicat diferents contes de Sant Jordi.<\/p>\n<p>-Hem dramatitzat la llegenda.<\/p>\n<p>-Transportar-nos al poble Montblanc, amb el croma per presentar els personatges de la llegenda.<\/p>\n<p>Per finalitzar hem baixat a la pista on hem ballat i cantat la can\u00e7\u00f3 de Sant Jordi i\u00a0 tamb\u00e9 hem recollit el premi dels Jocs Florals.<\/p>\n<p>&nbsp;<\/p>\n<p><a href=\"https:\/\/photos.app.goo.gl\/rWmCtWsFwF8PKsAY8\">P3-A clica aqui<\/a><\/p>\n<p><a href=\"https:\/\/photos.google.com\/photo\/AF1QipPvRo_bh5guMqy1fyaRZNBbVd96hYhffPpHhnwP\">video 1<\/a><\/p>\n<p><a href=\"https:\/\/photos.google.com\/photo\/AF1QipOHEMMrUZ5cuHqTPOO-B3G-gqpe_g7RZZI3p_uU\">video 2<\/a><\/p>\n<p><a href=\"https:\/\/photos.google.com\/photo\/AF1QipOT91SvG0X6YnEZXAASKbEW6D2-mHknIaMf9UyK\">video 3<\/a><\/p>\n<p><a href=\"https:\/\/photos.app.goo.gl\/9p9aXtooZddAsdPJ7\">P3-B Clica aqu\u00ed<\/a><\/p>\n<p><a href=\"https:\/\/photos.google.com\/photo\/AF1QipMMTlKt7CwTHWBXnRGi92aRZ3HtNOeAwk-VrTFv\">video 1<\/a><\/p>\n<p><a href=\"https:\/\/photos.google.com\/photo\/AF1QipM7J-JWqOr7OuyCn0WBFCvHLinY-V98xtMK5BaD\">video 2<\/a><\/p>\n<p><a href=\"https:\/\/photos.google.com\/photo\/AF1QipPFOemk4Rz4SQ6Vk38ojCUJ4XZn8yzkb5Udz0r9\">video 3<\/a><\/p>\n<p><a href=\"https:\/\/photos.google.com\/photo\/AF1QipPmTv5bOCeD5L8z7Bmyz_pQXJY9DnYQjR6Bu2RY\">video 4<\/a><\/p>\n<p><a href=\"https:\/\/photos.app.goo.gl\/rGzaMZf1WW5Bo9Xq6\">Jocs Florals<\/a><\/p>\n","protected":false},"excerpt":{"rendered":"<p>Hola Fam\u00edlies! Aquests dies hem fet moltes coses relacionades amb la festivitat de Sant Jordi. Aqu\u00ed us fem un petit tastet de: -Activitats pl\u00e0stiques; el Drac amb sorra, estampaci\u00f3 de roses amb carfoxes, collage al vestit de la princesa amb roba lluent, el Drac en volum amb tubs de paper de v\u00e0ter&#8230; -Hem mirat i [&hellip;]<\/p>\n","protected":false},"author":9,"featured_media":11595,"comment_status":"open","ping_status":"closed","sticky":false,"template":"","format":"standard","meta":{"_bbp_topic_count":0,"_bbp_reply_count":0,"_bbp_total_topic_count":0,"_bbp_total_reply_count":0,"_bbp_voice_count":0,"_bbp_anonymous_reply_count":0,"_bbp_topic_count_hidden":0,"_bbp_reply_count_hidden":0,"_bbp_forum_subforum_count":0,"site-sidebar-layout":"default","site-content-layout":"","ast-site-content-layout":"","site-content-style":"default","site-sidebar-style":"default","ast-global-header-display":"","ast-banner-title-visibility":"","ast-main-header-display":"","ast-hfb-above-header-display":"","ast-hfb-below-header-display":"","ast-hfb-mobile-header-display":"","site-post-title":"","ast-breadcrumbs-content":"","ast-featured-img":"","footer-sml-layout":"","theme-transparent-header-meta":"","adv-header-id-meta":"","stick-header-meta":"","header-above-stick-meta":"","header-main-stick-meta":"","header-below-stick-meta":"","astra-migrate-meta-layouts":"default","ast-page-background-enabled":"default","ast-page-background-meta":{"desktop":{"background-color":"var(--ast-global-color-4)","background-image":"","background-repeat":"repeat","background-position":"center center","background-size":"auto","background-attachment":"scroll","background-type":"","background-media":"","overlay-type":"","overlay-color":"","overlay-opacity":"","overlay-gradient":""},"tablet":{"background-color":"","background-image":"","background-repeat":"repeat","background-position":"center center","background-size":"auto","background-attachment":"scroll","background-type":"","background-media":"","overlay-type":"","overlay-color":"","overlay-opacity":"","overlay-gradient":""},"mobile":{"background-color":"","background-image":"","background-repeat":"repeat","background-position":"center center","background-size":"auto","background-attachment":"scroll","background-type":"","background-media":"","overlay-type":"","overlay-color":"","overlay-opacity":"","overlay-gradient":""}},"ast-content-background-meta":{"desktop":{"background-color":"var(--ast-global-color-5)","background-image":"","background-repeat":"repeat","background-position":"center center","background-size":"auto","background-attachment":"scroll","background-type":"","background-media":"","overlay-type":"","overlay-color":"","overlay-opacity":"","overlay-gradient":""},"tablet":{"background-color":"var(--ast-global-color-5)","background-image":"","background-repeat":"repeat","background-position":"center center","background-size":"auto","background-attachment":"scroll","background-type":"","background-media":"","overlay-type":"","overlay-color":"","overlay-opacity":"","overlay-gradient":""},"mobile":{"background-color":"var(--ast-global-color-5)","background-image":"","background-repeat":"repeat","background-position":"center center","background-size":"auto","background-attachment":"scroll","background-type":"","background-media":"","overlay-type":"","overlay-color":"","overlay-opacity":"","overlay-gradient":""}},"footnotes":""},"categories":[2,3],"tags":[],"class_list":["post-11591","post","type-post","status-publish","format-standard","has-post-thumbnail","hentry","category-petits","category-i-3"],"post_mailing_queue_ids":[],"_links":{"self":[{"href":"https:\/\/agora.xtec.cat\/ceip-espai3-sjdespi\/wp-json\/wp\/v2\/posts\/11591","targetHints":{"allow":["GET"]}}],"collection":[{"href":"https:\/\/agora.xtec.cat\/ceip-espai3-sjdespi\/wp-json\/wp\/v2\/posts"}],"about":[{"href":"https:\/\/agora.xtec.cat\/ceip-espai3-sjdespi\/wp-json\/wp\/v2\/types\/post"}],"author":[{"embeddable":true,"href":"https:\/\/agora.xtec.cat\/ceip-espai3-sjdespi\/wp-json\/wp\/v2\/users\/9"}],"replies":[{"embeddable":true,"href":"https:\/\/agora.xtec.cat\/ceip-espai3-sjdespi\/wp-json\/wp\/v2\/comments?post=11591"}],"version-history":[{"count":3,"href":"https:\/\/agora.xtec.cat\/ceip-espai3-sjdespi\/wp-json\/wp\/v2\/posts\/11591\/revisions"}],"predecessor-version":[{"id":11608,"href":"https:\/\/agora.xtec.cat\/ceip-espai3-sjdespi\/wp-json\/wp\/v2\/posts\/11591\/revisions\/11608"}],"wp:featuredmedia":[{"embeddable":true,"href":"https:\/\/agora.xtec.cat\/ceip-espai3-sjdespi\/wp-json\/wp\/v2\/media\/11595"}],"wp:attachment":[{"href":"https:\/\/agora.xtec.cat\/ceip-espai3-sjdespi\/wp-json\/wp\/v2\/media?parent=11591"}],"wp:term":[{"taxonomy":"category","embeddable":true,"href":"https:\/\/agora.xtec.cat\/ceip-espai3-sjdespi\/wp-json\/wp\/v2\/categories?post=11591"},{"taxonomy":"post_tag","embeddable":true,"href":"https:\/\/agora.xtec.cat\/ceip-espai3-sjdespi\/wp-json\/wp\/v2\/tags?post=11591"}],"curies":[{"name":"wp","href":"https:\/\/api.w.org\/{rel}","templated":true}]}}