{"id":97,"count":14,"description":"La llengua francesa s\u2019introdueix a l\u2019Escola  com a segona llengua estrangera a partir de 4t de prim\u00e0ria. El seu aprenentatge es planteja des d\u2019un enfocament comunicatiu, funcional i motivador, prioritzant la comprensi\u00f3 i l\u2019expressi\u00f3 oral en situacions properes i significatives per a l\u2019alumnat.\r\n\r\n\r\nAl llarg dels cursos, es treballen progressivament el vocabulari, les estructures ling\u00fc\u00edstiques b\u00e0siques, la pronunciaci\u00f3 i la comprensi\u00f3 de missatges senzills mitjan\u00e7ant can\u00e7ons, jocs, di\u00e0legs, dramatitzacions i activitats culturals. L\u2019aprenentatge del franc\u00e8s tamb\u00e9 permet apropar l\u2019alumnat a la diversitat ling\u00fc\u00edstica i cultural dels pa\u00efsos franc\u00f2fons.\r\n\r\n\r\nA 6\u00e8 de prim\u00e0ria, el treball de la llengua es complementa amb propostes EMILE, en qu\u00e8 el franc\u00e8s s\u2019utilitza per aprendre continguts d\u2019altres \u00e0rees. D\u2019aquesta manera, l\u2019alumnat desenvolupa la seva compet\u00e8ncia pluriling\u00fce, estableix connexions entre les lleng\u00fces que coneix i adquireix estrat\u00e8gies que faciliten l\u2019aprenentatge de noves lleng\u00fces\r\n","link":"https:\/\/agora.xtec.cat\/ceip-espai3-sjdespi\/categoria\/frances\/","name":"Franc\u00e8s","slug":"frances","taxonomy":"category","parent":0,"meta":[],"_links":{"self":[{"href":"https:\/\/agora.xtec.cat\/ceip-espai3-sjdespi\/wp-json\/wp\/v2\/categories\/97","targetHints":{"allow":["GET"]}}],"collection":[{"href":"https:\/\/agora.xtec.cat\/ceip-espai3-sjdespi\/wp-json\/wp\/v2\/categories"}],"about":[{"href":"https:\/\/agora.xtec.cat\/ceip-espai3-sjdespi\/wp-json\/wp\/v2\/taxonomies\/category"}],"wp:post_type":[{"href":"https:\/\/agora.xtec.cat\/ceip-espai3-sjdespi\/wp-json\/wp\/v2\/posts?categories=97"}],"curies":[{"name":"wp","href":"https:\/\/api.w.org\/{rel}","templated":true}]}}