{"id":229,"count":3,"description":"El programa AVANCEM: Ensenyament i Aprenentatge Integrat de les Lleng\u00fces, impulsat pel Departament d\u2019Educaci\u00f3, promou un ensenyament competencial i coordinat de les diferents lleng\u00fces del centre. Es basa en el tractament integrat de lleng\u00fces (TIL) i afavoreix la transfer\u00e8ncia dels aprenentatges ling\u00fc\u00edstics, la intercomprensi\u00f3 entre lleng\u00fces i el desenvolupament de la consci\u00e8ncia pluriling\u00fce i intercultural de l\u2019alumnat.\r\n\r\n\r\nA l\u2019Escola Espai 3 desenvolupem aquest programa des de l\u2019any 2017, incorporant, a partir de 5\u00e8 de prim\u00e0ria, activitats d\u2019intercomprensi\u00f3 que permeten a l\u2019alumnat establir relacions entre les lleng\u00fces que coneix, identificar semblances i difer\u00e8ncies i utilitzar estrat\u00e8gies comunes per comprendre i aprendre noves lleng\u00fces.\r\n","link":"https:\/\/agora.xtec.cat\/ceip-espai3-sjdespi\/categoria\/avancem\/","name":"AVANCEM","slug":"avancem","taxonomy":"category","parent":0,"meta":[],"_links":{"self":[{"href":"https:\/\/agora.xtec.cat\/ceip-espai3-sjdespi\/wp-json\/wp\/v2\/categories\/229","targetHints":{"allow":["GET"]}}],"collection":[{"href":"https:\/\/agora.xtec.cat\/ceip-espai3-sjdespi\/wp-json\/wp\/v2\/categories"}],"about":[{"href":"https:\/\/agora.xtec.cat\/ceip-espai3-sjdespi\/wp-json\/wp\/v2\/taxonomies\/category"}],"wp:post_type":[{"href":"https:\/\/agora.xtec.cat\/ceip-espai3-sjdespi\/wp-json\/wp\/v2\/posts?categories=229"}],"curies":[{"name":"wp","href":"https:\/\/api.w.org\/{rel}","templated":true}]}}