{"id":151,"count":17,"description":"L\u2019Escola Espai 3 participa en el projecte d\u2019innovaci\u00f3 educativa Apadrinem el nostre patrimoni, una iniciativa que apropa l\u2019alumnat al patrimoni cultural i art\u00edstic del seu entorn.\r\n\r\n\r\nLa nostra escola t\u00e9 apadrinades la figura i l\u2019obra de l\u2019arquitecte Josep Maria Jujol. Al llarg de les diferents etapes educatives, l\u2019alumnat participa en activitats per con\u00e8ixer la seva traject\u00f2ria, descobrir les caracter\u00edstiques de la seva obra i valorar el llegat que va deixar al nostre municipi.\r\n\r\n\r\nAquest projecte afavoreix un aprenentatge vivencial i interdisciplinari, ja que permet treballar continguts relacionats amb l\u2019art, l\u2019arquitectura, la hist\u00f2ria, la creativitat i l\u2019entorn proper. Alhora, contribueix a refor\u00e7ar el sentiment de pertinen\u00e7a, el respecte pel patrimoni i el comprom\u00eds amb la seva conservaci\u00f3 i difusi\u00f3.\r\n","link":"https:\/\/agora.xtec.cat\/ceip-espai3-sjdespi\/categoria\/tots-iguals\/","name":"Tots iguals, tots diferents","slug":"tots-iguals","taxonomy":"category","parent":0,"meta":[],"_links":{"self":[{"href":"https:\/\/agora.xtec.cat\/ceip-espai3-sjdespi\/wp-json\/wp\/v2\/categories\/151","targetHints":{"allow":["GET"]}}],"collection":[{"href":"https:\/\/agora.xtec.cat\/ceip-espai3-sjdespi\/wp-json\/wp\/v2\/categories"}],"about":[{"href":"https:\/\/agora.xtec.cat\/ceip-espai3-sjdespi\/wp-json\/wp\/v2\/taxonomies\/category"}],"wp:post_type":[{"href":"https:\/\/agora.xtec.cat\/ceip-espai3-sjdespi\/wp-json\/wp\/v2\/posts?categories=151"}],"curies":[{"name":"wp","href":"https:\/\/api.w.org\/{rel}","templated":true}]}}