{"id":101,"count":20,"description":"<strong>Agermanament: padrins, padrines, fillols i filloles<\/strong>\r\n\r\n\r\nL\u2019agermanament \u00e9s un projecte de treball cooperatiu en qu\u00e8 l\u2019alumnat m\u00e9s gran acompanya els infants m\u00e9s petits en diferents moments i activitats de la vida escolar. Els padrins i les padrines esdevenen figures de refer\u00e8ncia que ajuden, orienten i donen suport als seus fillols i filloles, alhora que els transmeten el gust per aprendre, compartir i col\u00b7laborar.\r\n\r\n\r\nEl projecte s\u2019inicia a I3, quan cada grup d\u2019infants s\u2019agermana amb l\u2019alumnat de 4t de prim\u00e0ria, i es mant\u00e9 durant tota l\u2019etapa d\u2019educaci\u00f3 infantil. Aix\u00ed, els mateixos padrins i padrines els acompanyen al llarg d\u2019I3, I4 i I5. Quan els infants finalitzen l\u2019etapa d\u2019infantil, l\u2019alumnat gran tamb\u00e9 acaba la seva escolaritat a l\u2019escola, a 6\u00e8 de prim\u00e0ria.\r\nAquesta continu\u00eftat permet establir vincles afectius estables i significatius entre alumnat de diferents edats. Tant padrins com fillols assumeixen un comprom\u00eds amb el projecte: els grans desenvolupen la responsabilitat, l\u2019empatia i la cura dels altres, mentre que els petits guanyen confian\u00e7a, seguretat i sentiment de pertinen\u00e7a a l\u2019escola.\r\n\r\n\r\nL\u2019agermanament afavoreix la conviv\u00e8ncia, la cooperaci\u00f3 i la cohesi\u00f3 entre les diferents etapes educatives, i contribueix a construir una comunitat escolar m\u00e9s propera, inclusiva i participativa.\r\n","link":"https:\/\/agora.xtec.cat\/ceip-espai3-sjdespi\/categoria\/agermanament\/","name":"Agermanament","slug":"agermanament","taxonomy":"category","parent":0,"meta":[],"_links":{"self":[{"href":"https:\/\/agora.xtec.cat\/ceip-espai3-sjdespi\/wp-json\/wp\/v2\/categories\/101","targetHints":{"allow":["GET"]}}],"collection":[{"href":"https:\/\/agora.xtec.cat\/ceip-espai3-sjdespi\/wp-json\/wp\/v2\/categories"}],"about":[{"href":"https:\/\/agora.xtec.cat\/ceip-espai3-sjdespi\/wp-json\/wp\/v2\/taxonomies\/category"}],"wp:post_type":[{"href":"https:\/\/agora.xtec.cat\/ceip-espai3-sjdespi\/wp-json\/wp\/v2\/posts?categories=101"}],"curies":[{"name":"wp","href":"https:\/\/api.w.org\/{rel}","templated":true}]}}