{"id":9720,"date":"2018-05-28T12:45:26","date_gmt":"2018-05-28T10:45:26","guid":{"rendered":"http:\/\/agora.xtec.cat\/ceip-escoladelmar\/?p=9720"},"modified":"2021-04-21T15:14:02","modified_gmt":"2021-04-21T13:14:02","slug":"visita-a-lescola-perez-sala-dalumnes-de-3r","status":"publish","type":"post","link":"https:\/\/agora.xtec.cat\/ceip-escoladelmar\/portada\/visita-a-lescola-perez-sala-dalumnes-de-3r\/","title":{"rendered":"Visita a l\u2019escola P\u00e9rez Sala d&#8217;alumnes de 3r"},"content":{"rendered":"<p>Els alumnes de 3r B hem anat a visitar l\u2019escola P\u00e9rez Sala per con\u00e8ixer el seu treball sobre els arbres dins del projecte del municipi \u201cFent vincles\u201d. Ens han ensenyat les ac\u00e0cies de la placeta del davant que han guarnit amb el que necessiten aquests arbres. Tamb\u00e9 ens van llegir un poema sobre les ac\u00e0cies i ens en van regalar un per escrit.<\/p>\n<p>Despr\u00e9s ens van preparar una prova sobre els arbres que tenen dins del recinte de l\u2019escola. Per parelles o grups de tres, van anar esbrinant el nom com\u00fa d\u2019algunes esp\u00e8cies. Vam passar una tarda molt agradable i que ens va servir per aprofundir en el nostre projecte. Gr\u00e0cies a l\u2019escola P\u00e9rez Sala pel seu treball i dedicaci\u00f3.<\/p>\n<pre>Cliqueu la imatges per veure fotos i v\u00eddeos<\/pre>\n<p><a href=\"https:\/\/photos.app.goo.gl\/Q5PYMFt8JFFG98oq2\" target=\"_blank\" rel=\"noopener noreferrer\"><img loading=\"lazy\" decoding=\"async\" class=\"aligncenter size-full wp-image-9721\" src=\"http:\/\/agora.xtec.cat\/ceip-escoladelmar\/wp-content\/uploads\/usu183\/2018\/05\/IMG_5754.jpg\" alt=\"\" width=\"659\" height=\"494\" srcset=\"https:\/\/agora.xtec.cat\/ceip-escoladelmar\/wp-content\/uploads\/usu183\/2018\/05\/IMG_5754.jpg 659w, https:\/\/agora.xtec.cat\/ceip-escoladelmar\/wp-content\/uploads\/usu183\/2018\/05\/IMG_5754-300x225.jpg 300w, https:\/\/agora.xtec.cat\/ceip-escoladelmar\/wp-content\/uploads\/usu183\/2018\/05\/IMG_5754-200x150.jpg 200w\" sizes=\"auto, (max-width: 659px) 100vw, 659px\" \/><\/a><\/p>\n","protected":false},"excerpt":{"rendered":"<p>Els alumnes de 3r B hem anat a visitar l\u2019escola P\u00e9rez Sala per con\u00e8ixer el seu treball sobre els arbres dins del projecte del municipi \u201cFent vincles\u201d. Ens han ensenyat les ac\u00e0cies de la placeta del davant que han guarnit amb el que necessiten aquests&hellip;  <a href=\"https:\/\/agora.xtec.cat\/ceip-escoladelmar\/portada\/visita-a-lescola-perez-sala-dalumnes-de-3r\/\" title=\"Read Visita a l\u2019escola P\u00e9rez Sala d&#8217;alumnes de 3r\">Llegeix m\u00e9s\u00bb<\/a><\/p>\n","protected":false},"author":6,"featured_media":9721,"comment_status":"open","ping_status":"closed","sticky":false,"template":"","format":"standard","meta":{"_bbp_topic_count":0,"_bbp_reply_count":0,"_bbp_total_topic_count":0,"_bbp_total_reply_count":0,"_bbp_voice_count":0,"_bbp_anonymous_reply_count":0,"_bbp_topic_count_hidden":0,"_bbp_reply_count_hidden":0,"_bbp_forum_subforum_count":0,"footnotes":""},"categories":[4,108,11],"tags":[96],"class_list":["post-9720","post","type-post","status-publish","format-standard","has-post-thumbnail","hentry","category-portada","category-project","category-2012-21","tag-curs-2017-18"],"post_mailing_queue_ids":[],"_links":{"self":[{"href":"https:\/\/agora.xtec.cat\/ceip-escoladelmar\/wp-json\/wp\/v2\/posts\/9720","targetHints":{"allow":["GET"]}}],"collection":[{"href":"https:\/\/agora.xtec.cat\/ceip-escoladelmar\/wp-json\/wp\/v2\/posts"}],"about":[{"href":"https:\/\/agora.xtec.cat\/ceip-escoladelmar\/wp-json\/wp\/v2\/types\/post"}],"author":[{"embeddable":true,"href":"https:\/\/agora.xtec.cat\/ceip-escoladelmar\/wp-json\/wp\/v2\/users\/6"}],"replies":[{"embeddable":true,"href":"https:\/\/agora.xtec.cat\/ceip-escoladelmar\/wp-json\/wp\/v2\/comments?post=9720"}],"version-history":[{"count":1,"href":"https:\/\/agora.xtec.cat\/ceip-escoladelmar\/wp-json\/wp\/v2\/posts\/9720\/revisions"}],"predecessor-version":[{"id":9722,"href":"https:\/\/agora.xtec.cat\/ceip-escoladelmar\/wp-json\/wp\/v2\/posts\/9720\/revisions\/9722"}],"wp:featuredmedia":[{"embeddable":true,"href":"https:\/\/agora.xtec.cat\/ceip-escoladelmar\/wp-json\/wp\/v2\/media\/9721"}],"wp:attachment":[{"href":"https:\/\/agora.xtec.cat\/ceip-escoladelmar\/wp-json\/wp\/v2\/media?parent=9720"}],"wp:term":[{"taxonomy":"category","embeddable":true,"href":"https:\/\/agora.xtec.cat\/ceip-escoladelmar\/wp-json\/wp\/v2\/categories?post=9720"},{"taxonomy":"post_tag","embeddable":true,"href":"https:\/\/agora.xtec.cat\/ceip-escoladelmar\/wp-json\/wp\/v2\/tags?post=9720"}],"curies":[{"name":"wp","href":"https:\/\/api.w.org\/{rel}","templated":true}]}}