{"id":9695,"date":"2018-05-16T17:51:54","date_gmt":"2018-05-16T15:51:54","guid":{"rendered":"http:\/\/agora.xtec.cat\/ceip-escoladelmar\/?p=9695"},"modified":"2021-04-21T15:15:44","modified_gmt":"2021-04-21T13:15:44","slug":"visita-al-museu-del-cantir-2n","status":"publish","type":"post","link":"https:\/\/agora.xtec.cat\/ceip-escoladelmar\/portada\/visita-al-museu-del-cantir-2n\/","title":{"rendered":"Visita al museu del c\u00e0ntir- 2n"},"content":{"rendered":"<p>El passat divendres dia 11 de maig l&#8217;alumnat de 2n va anar al Museu del C\u00e0ntir d&#8217;Argentona. Vam fer una visita guiada on vam veure molts tipus diferents de c\u00e0ntirs i les difer\u00e8ncies entre ells, segons el lloc de proced\u00e8ncia i la seva funci\u00f3. Despr\u00e9s, tots els nens i nenes van fer un taller de terrissa en qu\u00e8 van dissenyar i realitzar una pe\u00e7a de fang que posteriorment es va portar a coure.<\/p>\n<p>Per dinar, ens vam traslladar al Parc Forestal de Matar\u00f3, on vam poder jugar i gaudir d&#8217;una estona a l&#8217;aire lliure. Va ser un dia fant\u00e0stic.<\/p>\n<p><em>Cliqueu la imatge<\/em><\/p>\n<p><a href=\"https:\/\/photos.app.goo.gl\/XJQe21GEIuzde2CG3\"><img loading=\"lazy\" decoding=\"async\" class=\"aligncenter size-full wp-image-9696\" src=\"http:\/\/agora.xtec.cat\/ceip-escoladelmar\/wp-content\/uploads\/usu183\/2018\/05\/foto-cantir.jpg\" alt=\"\" width=\"930\" height=\"620\" srcset=\"https:\/\/agora.xtec.cat\/ceip-escoladelmar\/wp-content\/uploads\/usu183\/2018\/05\/foto-cantir.jpg 930w, https:\/\/agora.xtec.cat\/ceip-escoladelmar\/wp-content\/uploads\/usu183\/2018\/05\/foto-cantir-300x200.jpg 300w, https:\/\/agora.xtec.cat\/ceip-escoladelmar\/wp-content\/uploads\/usu183\/2018\/05\/foto-cantir-768x512.jpg 768w\" sizes=\"auto, (max-width: 930px) 100vw, 930px\" \/><\/a><\/p>\n","protected":false},"excerpt":{"rendered":"<p>El passat divendres dia 11 de maig l&#8217;alumnat de 2n va anar al Museu del C\u00e0ntir d&#8217;Argentona. Vam fer una visita guiada on vam veure molts tipus diferents de c\u00e0ntirs i les difer\u00e8ncies entre ells, segons el lloc de proced\u00e8ncia i la seva funci\u00f3. Despr\u00e9s,&hellip;  <a href=\"https:\/\/agora.xtec.cat\/ceip-escoladelmar\/portada\/visita-al-museu-del-cantir-2n\/\" title=\"Read Visita al museu del c\u00e0ntir- 2n\">Llegeix m\u00e9s\u00bb<\/a><\/p>\n","protected":false},"author":6,"featured_media":9696,"comment_status":"open","ping_status":"closed","sticky":false,"template":"","format":"standard","meta":{"_bbp_topic_count":0,"_bbp_reply_count":0,"_bbp_total_topic_count":0,"_bbp_total_reply_count":0,"_bbp_voice_count":0,"_bbp_anonymous_reply_count":0,"_bbp_topic_count_hidden":0,"_bbp_reply_count_hidden":0,"_bbp_forum_subforum_count":0,"footnotes":""},"categories":[4,10],"tags":[96],"class_list":["post-9695","post","type-post","status-publish","format-standard","has-post-thumbnail","hentry","category-portada","category-2013-22","tag-curs-2017-18"],"post_mailing_queue_ids":[],"_links":{"self":[{"href":"https:\/\/agora.xtec.cat\/ceip-escoladelmar\/wp-json\/wp\/v2\/posts\/9695","targetHints":{"allow":["GET"]}}],"collection":[{"href":"https:\/\/agora.xtec.cat\/ceip-escoladelmar\/wp-json\/wp\/v2\/posts"}],"about":[{"href":"https:\/\/agora.xtec.cat\/ceip-escoladelmar\/wp-json\/wp\/v2\/types\/post"}],"author":[{"embeddable":true,"href":"https:\/\/agora.xtec.cat\/ceip-escoladelmar\/wp-json\/wp\/v2\/users\/6"}],"replies":[{"embeddable":true,"href":"https:\/\/agora.xtec.cat\/ceip-escoladelmar\/wp-json\/wp\/v2\/comments?post=9695"}],"version-history":[{"count":2,"href":"https:\/\/agora.xtec.cat\/ceip-escoladelmar\/wp-json\/wp\/v2\/posts\/9695\/revisions"}],"predecessor-version":[{"id":9698,"href":"https:\/\/agora.xtec.cat\/ceip-escoladelmar\/wp-json\/wp\/v2\/posts\/9695\/revisions\/9698"}],"wp:featuredmedia":[{"embeddable":true,"href":"https:\/\/agora.xtec.cat\/ceip-escoladelmar\/wp-json\/wp\/v2\/media\/9696"}],"wp:attachment":[{"href":"https:\/\/agora.xtec.cat\/ceip-escoladelmar\/wp-json\/wp\/v2\/media?parent=9695"}],"wp:term":[{"taxonomy":"category","embeddable":true,"href":"https:\/\/agora.xtec.cat\/ceip-escoladelmar\/wp-json\/wp\/v2\/categories?post=9695"},{"taxonomy":"post_tag","embeddable":true,"href":"https:\/\/agora.xtec.cat\/ceip-escoladelmar\/wp-json\/wp\/v2\/tags?post=9695"}],"curies":[{"name":"wp","href":"https:\/\/api.w.org\/{rel}","templated":true}]}}