{"id":9500,"date":"2018-03-17T16:27:21","date_gmt":"2018-03-17T15:27:21","guid":{"rendered":"http:\/\/agora.xtec.cat\/ceip-escoladelmar\/?p=9500"},"modified":"2018-03-17T16:43:23","modified_gmt":"2018-03-17T15:43:23","slug":"jornada-de-portes-obertes-2","status":"publish","type":"post","link":"https:\/\/agora.xtec.cat\/ceip-escoladelmar\/portada\/jornada-de-portes-obertes-2\/","title":{"rendered":"Jornada de portes obertes"},"content":{"rendered":"<p>Avui hem fet la jornada de portes obertes a l\u2019escola, adre\u00e7ada a aquelles fam\u00edlies que ens volen con\u00e8ixer per decidir a quina escola duran els seus fills el curs que ve.<\/p>\n<p>Estem molt contents, tant per la quantitat de persones que ens han donat l\u2019oportunitat d\u2019explicar-los el nostre projecte, com per la participaci\u00f3 en qualitat de guies dels nostres alumnes de sis\u00e8. Com cada curs, els nois i noies que aquest any acaben l\u2019escolaritat a Prim\u00e0ria han estat els millors representants del centre, acompanyant les fam\u00edlies per tota l\u2019escola i explicant la seva experi\u00e8ncia aqu\u00ed. L\u2019equip de direcci\u00f3 i els representants de l\u2019AMIPA han fet la presentaci\u00f3 i a les classes, mestres de tots els nivells i especialitats estaven a disposici\u00f3 d\u2019aquells que volien ampliar la informaci\u00f3 o resoldre dubtes.<\/p>\n<pre><span style=\"color: #999999;\">Cliqueu la foto per veure l'\u00e0lbum<\/span><\/pre>\n<p><a href=\"https:\/\/photos.app.goo.gl\/O26yi3v2JleCYj4L2\" target=\"_blank\" rel=\"noopener noreferrer\"><img loading=\"lazy\" decoding=\"async\" class=\"aligncenter size-full wp-image-9506\" src=\"http:\/\/agora.xtec.cat\/ceip-escoladelmar\/wp-content\/uploads\/usu183\/2018\/03\/IMG_5083.jpg\" alt=\"\" width=\"816\" height=\"612\" srcset=\"https:\/\/agora.xtec.cat\/ceip-escoladelmar\/wp-content\/uploads\/usu183\/2018\/03\/IMG_5083.jpg 816w, https:\/\/agora.xtec.cat\/ceip-escoladelmar\/wp-content\/uploads\/usu183\/2018\/03\/IMG_5083-300x225.jpg 300w, https:\/\/agora.xtec.cat\/ceip-escoladelmar\/wp-content\/uploads\/usu183\/2018\/03\/IMG_5083-768x576.jpg 768w, https:\/\/agora.xtec.cat\/ceip-escoladelmar\/wp-content\/uploads\/usu183\/2018\/03\/IMG_5083-200x150.jpg 200w\" sizes=\"auto, (max-width: 816px) 100vw, 816px\" \/><\/a><\/p>\n<p>&nbsp;<\/p>\n","protected":false},"excerpt":{"rendered":"<p>Avui hem fet la jornada de portes obertes a l\u2019escola, adre\u00e7ada a aquelles fam\u00edlies que ens volen con\u00e8ixer per decidir a quina escola duran els seus fills el curs que ve.<br \/>\nEstem molt contents, tant per la quantitat de persones que ens han donat l\u2019oportunitat d\u2019explicar-los&hellip;  <a href=\"https:\/\/agora.xtec.cat\/ceip-escoladelmar\/portada\/jornada-de-portes-obertes-2\/\" title=\"Read Jornada de portes obertes\">Llegeix m\u00e9s\u00bb<\/a><\/p>\n","protected":false},"author":1,"featured_media":9506,"comment_status":"open","ping_status":"closed","sticky":false,"template":"","format":"standard","meta":{"_bbp_topic_count":0,"_bbp_reply_count":0,"_bbp_total_topic_count":0,"_bbp_total_reply_count":0,"_bbp_voice_count":0,"_bbp_anonymous_reply_count":0,"_bbp_topic_count_hidden":0,"_bbp_reply_count_hidden":0,"_bbp_forum_subforum_count":0,"footnotes":""},"categories":[4],"tags":[96],"class_list":["post-9500","post","type-post","status-publish","format-standard","has-post-thumbnail","hentry","category-portada","tag-curs-2017-18"],"post_mailing_queue_ids":[],"_links":{"self":[{"href":"https:\/\/agora.xtec.cat\/ceip-escoladelmar\/wp-json\/wp\/v2\/posts\/9500","targetHints":{"allow":["GET"]}}],"collection":[{"href":"https:\/\/agora.xtec.cat\/ceip-escoladelmar\/wp-json\/wp\/v2\/posts"}],"about":[{"href":"https:\/\/agora.xtec.cat\/ceip-escoladelmar\/wp-json\/wp\/v2\/types\/post"}],"author":[{"embeddable":true,"href":"https:\/\/agora.xtec.cat\/ceip-escoladelmar\/wp-json\/wp\/v2\/users\/1"}],"replies":[{"embeddable":true,"href":"https:\/\/agora.xtec.cat\/ceip-escoladelmar\/wp-json\/wp\/v2\/comments?post=9500"}],"version-history":[{"count":3,"href":"https:\/\/agora.xtec.cat\/ceip-escoladelmar\/wp-json\/wp\/v2\/posts\/9500\/revisions"}],"predecessor-version":[{"id":9508,"href":"https:\/\/agora.xtec.cat\/ceip-escoladelmar\/wp-json\/wp\/v2\/posts\/9500\/revisions\/9508"}],"wp:featuredmedia":[{"embeddable":true,"href":"https:\/\/agora.xtec.cat\/ceip-escoladelmar\/wp-json\/wp\/v2\/media\/9506"}],"wp:attachment":[{"href":"https:\/\/agora.xtec.cat\/ceip-escoladelmar\/wp-json\/wp\/v2\/media?parent=9500"}],"wp:term":[{"taxonomy":"category","embeddable":true,"href":"https:\/\/agora.xtec.cat\/ceip-escoladelmar\/wp-json\/wp\/v2\/categories?post=9500"},{"taxonomy":"post_tag","embeddable":true,"href":"https:\/\/agora.xtec.cat\/ceip-escoladelmar\/wp-json\/wp\/v2\/tags?post=9500"}],"curies":[{"name":"wp","href":"https:\/\/api.w.org\/{rel}","templated":true}]}}