{"id":8879,"date":"2017-10-04T13:00:17","date_gmt":"2017-10-04T11:00:17","guid":{"rendered":"http:\/\/agora.xtec.cat\/ceip-escoladelmar\/?p=8879"},"modified":"2021-04-21T15:43:30","modified_gmt":"2021-04-21T13:43:30","slug":"fem-la-decoracio-de-la-nostra-classe","status":"publish","type":"post","link":"https:\/\/agora.xtec.cat\/ceip-escoladelmar\/portada\/fem-la-decoracio-de-la-nostra-classe\/","title":{"rendered":"Fem la decoraci\u00f3 de la nostra classe"},"content":{"rendered":"<p>Hem estat pintant conills i \u00e0necs i tamb\u00e9 l&#8217;herba i l&#8217;aigua. Entre tots hem enganxat els nostres animalets per fer la decoraci\u00f3 de les finestres de la nostra aula.<br \/>\n<a href=\"https:\/\/photos.app.goo.gl\/2KzYopJPAPVaDU3s1\"><img loading=\"lazy\" decoding=\"async\" class=\"aligncenter size-large wp-image-8881\" src=\"http:\/\/agora.xtec.cat\/ceip-escoladelmar\/wp-content\/uploads\/usu183\/2017\/09\/conill-1024x768.jpg\" alt=\"\" width=\"1024\" height=\"768\" srcset=\"https:\/\/agora.xtec.cat\/ceip-escoladelmar\/wp-content\/uploads\/usu183\/2017\/09\/conill-1024x768.jpg 1024w, https:\/\/agora.xtec.cat\/ceip-escoladelmar\/wp-content\/uploads\/usu183\/2017\/09\/conill-300x225.jpg 300w, https:\/\/agora.xtec.cat\/ceip-escoladelmar\/wp-content\/uploads\/usu183\/2017\/09\/conill-768x576.jpg 768w, https:\/\/agora.xtec.cat\/ceip-escoladelmar\/wp-content\/uploads\/usu183\/2017\/09\/conill-200x150.jpg 200w, https:\/\/agora.xtec.cat\/ceip-escoladelmar\/wp-content\/uploads\/usu183\/2017\/09\/conill.jpg 1034w\" sizes=\"auto, (max-width: 1024px) 100vw, 1024px\" \/><\/a><\/p>\n","protected":false},"excerpt":{"rendered":"<p>Hem estat pintant conills i \u00e0necs i tamb\u00e9 l&#8217;herba i l&#8217;aigua. Entre tots hem enganxat els nostres animalets per fer la decoraci\u00f3 de les finestres de la nostra aula.<br \/>\n<a href=\"https:\/\/photos.app.goo.gl\/2KzYopJPAPVaDU3s1\"><\/a><\/p>\n","protected":false},"author":6,"featured_media":8881,"comment_status":"open","ping_status":"closed","sticky":false,"template":"","format":"standard","meta":{"_bbp_topic_count":0,"_bbp_reply_count":0,"_bbp_total_topic_count":0,"_bbp_total_reply_count":0,"_bbp_voice_count":0,"_bbp_anonymous_reply_count":0,"_bbp_topic_count_hidden":0,"_bbp_reply_count_hidden":0,"_bbp_forum_subforum_count":0,"footnotes":""},"categories":[70,4],"tags":[96],"class_list":["post-8879","post","type-post","status-publish","format-standard","has-post-thumbnail","hentry","category-6e","category-portada","tag-curs-2017-18"],"post_mailing_queue_ids":[],"_links":{"self":[{"href":"https:\/\/agora.xtec.cat\/ceip-escoladelmar\/wp-json\/wp\/v2\/posts\/8879","targetHints":{"allow":["GET"]}}],"collection":[{"href":"https:\/\/agora.xtec.cat\/ceip-escoladelmar\/wp-json\/wp\/v2\/posts"}],"about":[{"href":"https:\/\/agora.xtec.cat\/ceip-escoladelmar\/wp-json\/wp\/v2\/types\/post"}],"author":[{"embeddable":true,"href":"https:\/\/agora.xtec.cat\/ceip-escoladelmar\/wp-json\/wp\/v2\/users\/6"}],"replies":[{"embeddable":true,"href":"https:\/\/agora.xtec.cat\/ceip-escoladelmar\/wp-json\/wp\/v2\/comments?post=8879"}],"version-history":[{"count":1,"href":"https:\/\/agora.xtec.cat\/ceip-escoladelmar\/wp-json\/wp\/v2\/posts\/8879\/revisions"}],"predecessor-version":[{"id":8882,"href":"https:\/\/agora.xtec.cat\/ceip-escoladelmar\/wp-json\/wp\/v2\/posts\/8879\/revisions\/8882"}],"wp:featuredmedia":[{"embeddable":true,"href":"https:\/\/agora.xtec.cat\/ceip-escoladelmar\/wp-json\/wp\/v2\/media\/8881"}],"wp:attachment":[{"href":"https:\/\/agora.xtec.cat\/ceip-escoladelmar\/wp-json\/wp\/v2\/media?parent=8879"}],"wp:term":[{"taxonomy":"category","embeddable":true,"href":"https:\/\/agora.xtec.cat\/ceip-escoladelmar\/wp-json\/wp\/v2\/categories?post=8879"},{"taxonomy":"post_tag","embeddable":true,"href":"https:\/\/agora.xtec.cat\/ceip-escoladelmar\/wp-json\/wp\/v2\/tags?post=8879"}],"curies":[{"name":"wp","href":"https:\/\/api.w.org\/{rel}","templated":true}]}}