{"id":2669,"date":"2017-03-24T14:48:43","date_gmt":"2017-03-24T13:48:43","guid":{"rendered":"http:\/\/agora.xtec.cat\/ceip-escoladelmar\/?p=2669"},"modified":"2021-04-21T22:48:46","modified_gmt":"2021-04-21T20:48:46","slug":"p3-visita-a-la-granja","status":"publish","type":"post","link":"https:\/\/agora.xtec.cat\/ceip-escoladelmar\/promocions\/2014-25\/p3-visita-a-la-granja\/","title":{"rendered":"P3 Visita a La Granja"},"content":{"rendered":"<p>Els infants de P3 hem anat a visitar la granja.<\/p>\n<p>All\u00e0 hem fet de grangers i hem vist que tenen molta feina! Hem anat a donar biberons a les cabretes, hem anat a buscar menjar per les vaques i les hem alimentat i munyit. Tamb\u00e9 hem estat jugant amb els conills i els porcs, hem vist ous de diferents aus, ens ha \u00a0passejat un tractor i fins i tot hem muntat en poni!<\/p>\n<p>Ha estat un dia esgotador per\u00f2 ho hem passat d&#8217;all\u00f2 m\u00e9s b\u00e9.<\/p>\n<p><a href=\"https:\/\/goo.gl\/photos\/zjcWAsUY8j9GBKf56\"><img loading=\"lazy\" decoding=\"async\" class=\"aligncenter size-large wp-image-2670\" src=\"http:\/\/agora.xtec.cat\/ceip-escoladelmar\/wp-content\/uploads\/usu183\/2017\/03\/20170323_123740-1024x576.jpg\" alt=\"20170323_123740\" width=\"1024\" height=\"576\" srcset=\"https:\/\/agora.xtec.cat\/ceip-escoladelmar\/wp-content\/uploads\/usu183\/2017\/03\/20170323_123740-1024x576.jpg 1024w, https:\/\/agora.xtec.cat\/ceip-escoladelmar\/wp-content\/uploads\/usu183\/2017\/03\/20170323_123740-300x169.jpg 300w, https:\/\/agora.xtec.cat\/ceip-escoladelmar\/wp-content\/uploads\/usu183\/2017\/03\/20170323_123740-768x432.jpg 768w, https:\/\/agora.xtec.cat\/ceip-escoladelmar\/wp-content\/uploads\/usu183\/2017\/03\/20170323_123740.jpg 1412w\" sizes=\"auto, (max-width: 1024px) 100vw, 1024px\" \/><\/a><\/p>\n","protected":false},"excerpt":{"rendered":"<p>Els infants de P3 hem anat a visitar la granja.<br \/>\nAll\u00e0 hem fet de grangers i hem vist que tenen molta feina! Hem anat a donar biberons a les cabretes, hem anat a buscar menjar per les vaques i les hem alimentat i munyit. Tamb\u00e9 hem&hellip;  <a href=\"https:\/\/agora.xtec.cat\/ceip-escoladelmar\/promocions\/2014-25\/p3-visita-a-la-granja\/\" title=\"Read P3 Visita a La Granja\">Llegeix m\u00e9s\u00bb<\/a><\/p>\n","protected":false},"author":6,"featured_media":2670,"comment_status":"open","ping_status":"open","sticky":false,"template":"","format":"standard","meta":{"_bbp_topic_count":0,"_bbp_reply_count":0,"_bbp_total_topic_count":0,"_bbp_total_reply_count":0,"_bbp_voice_count":0,"_bbp_anonymous_reply_count":0,"_bbp_topic_count_hidden":0,"_bbp_reply_count_hidden":0,"_bbp_forum_subforum_count":0,"footnotes":""},"categories":[4,3],"tags":[71],"class_list":["post-2669","post","type-post","status-publish","format-standard","has-post-thumbnail","hentry","category-portada","category-2014-25","tag-curs-2016-17"],"post_mailing_queue_ids":[],"_links":{"self":[{"href":"https:\/\/agora.xtec.cat\/ceip-escoladelmar\/wp-json\/wp\/v2\/posts\/2669","targetHints":{"allow":["GET"]}}],"collection":[{"href":"https:\/\/agora.xtec.cat\/ceip-escoladelmar\/wp-json\/wp\/v2\/posts"}],"about":[{"href":"https:\/\/agora.xtec.cat\/ceip-escoladelmar\/wp-json\/wp\/v2\/types\/post"}],"author":[{"embeddable":true,"href":"https:\/\/agora.xtec.cat\/ceip-escoladelmar\/wp-json\/wp\/v2\/users\/6"}],"replies":[{"embeddable":true,"href":"https:\/\/agora.xtec.cat\/ceip-escoladelmar\/wp-json\/wp\/v2\/comments?post=2669"}],"version-history":[{"count":3,"href":"https:\/\/agora.xtec.cat\/ceip-escoladelmar\/wp-json\/wp\/v2\/posts\/2669\/revisions"}],"predecessor-version":[{"id":2673,"href":"https:\/\/agora.xtec.cat\/ceip-escoladelmar\/wp-json\/wp\/v2\/posts\/2669\/revisions\/2673"}],"wp:featuredmedia":[{"embeddable":true,"href":"https:\/\/agora.xtec.cat\/ceip-escoladelmar\/wp-json\/wp\/v2\/media\/2670"}],"wp:attachment":[{"href":"https:\/\/agora.xtec.cat\/ceip-escoladelmar\/wp-json\/wp\/v2\/media?parent=2669"}],"wp:term":[{"taxonomy":"category","embeddable":true,"href":"https:\/\/agora.xtec.cat\/ceip-escoladelmar\/wp-json\/wp\/v2\/categories?post=2669"},{"taxonomy":"post_tag","embeddable":true,"href":"https:\/\/agora.xtec.cat\/ceip-escoladelmar\/wp-json\/wp\/v2\/tags?post=2669"}],"curies":[{"name":"wp","href":"https:\/\/api.w.org\/{rel}","templated":true}]}}