{"id":14327,"date":"2020-04-23T23:22:22","date_gmt":"2020-04-23T21:22:22","guid":{"rendered":"https:\/\/agora.xtec.cat\/ceip-escoladelmar\/?p=14327"},"modified":"2020-04-26T09:33:44","modified_gmt":"2020-04-26T07:33:44","slug":"dracs-princeses-i-cavallers-fets-amb-vegetals-2","status":"publish","type":"post","link":"https:\/\/agora.xtec.cat\/ceip-escoladelmar\/general\/dracs-princeses-i-cavallers-fets-amb-vegetals-2\/","title":{"rendered":"Dracs, princeses i cavallers fets amb vegetals"},"content":{"rendered":"<p>Aqu\u00ed teniu m\u00e9s dracs, princeses i cavallers fets amb fruites i verdures&#8230; i m\u00e9s coses.<\/p>\n<p style=\"text-align: center;\"><em>Cliqueu\u00a0 la imatge si voleu veure l&#8217;\u00e0lbum amb les fotos m\u00e9s grans<\/em><\/p>\n<p style=\"text-align: center;\"><a href=\"https:\/\/photos.app.goo.gl\/y3BoczQAbGx2u8NC6\"><img loading=\"lazy\" decoding=\"async\" class=\"alignnone size-large wp-image-14378\" src=\"https:\/\/agora.xtec.cat\/ceip-escoladelmar\/wp-content\/uploads\/usu183\/2020\/04\/collage-3-1024x1024.jpg\" alt=\"\" width=\"1024\" height=\"1024\" srcset=\"https:\/\/agora.xtec.cat\/ceip-escoladelmar\/wp-content\/uploads\/usu183\/2020\/04\/collage-3-1024x1024.jpg 1024w, https:\/\/agora.xtec.cat\/ceip-escoladelmar\/wp-content\/uploads\/usu183\/2020\/04\/collage-3-150x150.jpg 150w, https:\/\/agora.xtec.cat\/ceip-escoladelmar\/wp-content\/uploads\/usu183\/2020\/04\/collage-3-300x300.jpg 300w, https:\/\/agora.xtec.cat\/ceip-escoladelmar\/wp-content\/uploads\/usu183\/2020\/04\/collage-3-768x768.jpg 768w, https:\/\/agora.xtec.cat\/ceip-escoladelmar\/wp-content\/uploads\/usu183\/2020\/04\/collage-3.jpg 2047w\" sizes=\"auto, (max-width: 1024px) 100vw, 1024px\" \/><\/a><a href=\"https:\/\/photos.app.goo.gl\/y3BoczQAbGx2u8NC6\"><img loading=\"lazy\" decoding=\"async\" class=\"alignnone size-large wp-image-14377\" src=\"https:\/\/agora.xtec.cat\/ceip-escoladelmar\/wp-content\/uploads\/usu183\/2020\/04\/collage-4-1024x1024.jpg\" alt=\"\" width=\"1024\" height=\"1024\" srcset=\"https:\/\/agora.xtec.cat\/ceip-escoladelmar\/wp-content\/uploads\/usu183\/2020\/04\/collage-4-1024x1024.jpg 1024w, https:\/\/agora.xtec.cat\/ceip-escoladelmar\/wp-content\/uploads\/usu183\/2020\/04\/collage-4-150x150.jpg 150w, https:\/\/agora.xtec.cat\/ceip-escoladelmar\/wp-content\/uploads\/usu183\/2020\/04\/collage-4-300x300.jpg 300w, https:\/\/agora.xtec.cat\/ceip-escoladelmar\/wp-content\/uploads\/usu183\/2020\/04\/collage-4-768x768.jpg 768w, https:\/\/agora.xtec.cat\/ceip-escoladelmar\/wp-content\/uploads\/usu183\/2020\/04\/collage-4.jpg 1530w\" sizes=\"auto, (max-width: 1024px) 100vw, 1024px\" \/><\/a><\/p>\n<p>&nbsp;<\/p>\n<p style=\"text-align: center;\">\n","protected":false},"excerpt":{"rendered":"<p>Aqu\u00ed teniu m\u00e9s dracs, princeses i cavallers fets amb fruites i verdures&#8230; i m\u00e9s coses.<br \/>\nCliqueu\u00a0 la imatge si voleu veure l&#8217;\u00e0lbum amb les fotos m\u00e9s grans<br \/>\n<a href=\"https:\/\/photos.app.goo.gl\/y3BoczQAbGx2u8NC6\"><\/a><a href=\"https:\/\/photos.app.goo.gl\/y3BoczQAbGx2u8NC6\"><\/a><br \/>\n&nbsp;<\/p>\n","protected":false},"author":1,"featured_media":0,"comment_status":"open","ping_status":"closed","sticky":false,"template":"","format":"standard","meta":{"_bbp_topic_count":0,"_bbp_reply_count":0,"_bbp_total_topic_count":0,"_bbp_total_reply_count":0,"_bbp_voice_count":0,"_bbp_anonymous_reply_count":0,"_bbp_topic_count_hidden":0,"_bbp_reply_count_hidden":0,"_bbp_forum_subforum_count":0,"footnotes":""},"categories":[157,137,1,4,29],"tags":[],"class_list":["post-14327","post","type-post","status-publish","format-standard","hentry","category-mireu","category-celebracions","category-general","category-portada","category-plas"],"post_mailing_queue_ids":[],"_links":{"self":[{"href":"https:\/\/agora.xtec.cat\/ceip-escoladelmar\/wp-json\/wp\/v2\/posts\/14327","targetHints":{"allow":["GET"]}}],"collection":[{"href":"https:\/\/agora.xtec.cat\/ceip-escoladelmar\/wp-json\/wp\/v2\/posts"}],"about":[{"href":"https:\/\/agora.xtec.cat\/ceip-escoladelmar\/wp-json\/wp\/v2\/types\/post"}],"author":[{"embeddable":true,"href":"https:\/\/agora.xtec.cat\/ceip-escoladelmar\/wp-json\/wp\/v2\/users\/1"}],"replies":[{"embeddable":true,"href":"https:\/\/agora.xtec.cat\/ceip-escoladelmar\/wp-json\/wp\/v2\/comments?post=14327"}],"version-history":[{"count":3,"href":"https:\/\/agora.xtec.cat\/ceip-escoladelmar\/wp-json\/wp\/v2\/posts\/14327\/revisions"}],"predecessor-version":[{"id":14435,"href":"https:\/\/agora.xtec.cat\/ceip-escoladelmar\/wp-json\/wp\/v2\/posts\/14327\/revisions\/14435"}],"wp:attachment":[{"href":"https:\/\/agora.xtec.cat\/ceip-escoladelmar\/wp-json\/wp\/v2\/media?parent=14327"}],"wp:term":[{"taxonomy":"category","embeddable":true,"href":"https:\/\/agora.xtec.cat\/ceip-escoladelmar\/wp-json\/wp\/v2\/categories?post=14327"},{"taxonomy":"post_tag","embeddable":true,"href":"https:\/\/agora.xtec.cat\/ceip-escoladelmar\/wp-json\/wp\/v2\/tags?post=14327"}],"curies":[{"name":"wp","href":"https:\/\/api.w.org\/{rel}","templated":true}]}}