{"id":13978,"date":"2020-04-21T12:39:56","date_gmt":"2020-04-21T10:39:56","guid":{"rendered":"https:\/\/agora.xtec.cat\/ceip-escoladelmar\/?p=13978"},"modified":"2020-04-21T12:40:22","modified_gmt":"2020-04-21T10:40:22","slug":"un-sant-jordi-per-cada-dia-de-la-setmana-dimarts","status":"publish","type":"post","link":"https:\/\/agora.xtec.cat\/ceip-escoladelmar\/general\/un-sant-jordi-per-cada-dia-de-la-setmana-dimarts\/","title":{"rendered":"Un Sant Jordi per cada dia de la setmana. Dimarts."},"content":{"rendered":"<p>Qu\u00e8 tal noi i noies? Us va agradar la versi\u00f3 cantada de la llegenda de Sant Jordi del grup Ambauka? No us ho esper\u00e0veu oi?<\/p>\n<p>Doncs anem avui, amb una nova versi\u00f3 de la llegenda. Avui us oferim una llegenda narrada i dibuixada. En aquest cas, no \u00e9s ben b\u00e9 un Sant Jordi, sin\u00f3 una Santa Jordina. Es tracta de la llegenda se Santa Jordina, conte escrit i narrat per en David Fern\u00e0ndez i il\u00b7lustrat per la dissenyadora gr\u00e0fica Marta Puig, coneguda com a Lyona.\u00a0 Ah! per cert, si us agrada, estigueu atents perqu\u00e8 fa poc es va estrenar la segona part de La llengenda de Santa Jordina, titulat La revolta de Santa Jordina.<\/p>\n<p>&nbsp;<\/p>\n<p><iframe loading=\"lazy\" src=\"https:\/\/www.youtube.com\/embed\/alOao4XYN3k\" width=\"560\" height=\"315\" frameborder=\"0\"><\/iframe><\/p>\n","protected":false},"excerpt":{"rendered":"<p>Qu\u00e8 tal noi i noies? Us va agradar la versi\u00f3 cantada de la llegenda de Sant Jordi del grup Ambauka? No us ho esper\u00e0veu oi?<br \/>\nDoncs anem avui, amb una nova versi\u00f3 de la llegenda. Avui us oferim una llegenda narrada i dibuixada. En aquest cas,&hellip;  <a href=\"https:\/\/agora.xtec.cat\/ceip-escoladelmar\/general\/un-sant-jordi-per-cada-dia-de-la-setmana-dimarts\/\" title=\"Read Un Sant Jordi per cada dia de la setmana. Dimarts.\">Llegeix m\u00e9s\u00bb<\/a><\/p>\n","protected":false},"author":6,"featured_media":14205,"comment_status":"open","ping_status":"closed","sticky":false,"template":"","format":"standard","meta":{"_bbp_topic_count":0,"_bbp_reply_count":0,"_bbp_total_topic_count":0,"_bbp_total_reply_count":0,"_bbp_voice_count":0,"_bbp_anonymous_reply_count":0,"_bbp_topic_count_hidden":0,"_bbp_reply_count_hidden":0,"_bbp_forum_subforum_count":0,"footnotes":""},"categories":[160,159,137,1,28,4],"tags":[131],"class_list":["post-13978","post","type-post","status-publish","format-standard","has-post-thumbnail","hentry","category-biblio","category-recu","category-celebracions","category-general","category-biblio-project","category-portada","tag-biblioteca"],"post_mailing_queue_ids":[],"_links":{"self":[{"href":"https:\/\/agora.xtec.cat\/ceip-escoladelmar\/wp-json\/wp\/v2\/posts\/13978","targetHints":{"allow":["GET"]}}],"collection":[{"href":"https:\/\/agora.xtec.cat\/ceip-escoladelmar\/wp-json\/wp\/v2\/posts"}],"about":[{"href":"https:\/\/agora.xtec.cat\/ceip-escoladelmar\/wp-json\/wp\/v2\/types\/post"}],"author":[{"embeddable":true,"href":"https:\/\/agora.xtec.cat\/ceip-escoladelmar\/wp-json\/wp\/v2\/users\/6"}],"replies":[{"embeddable":true,"href":"https:\/\/agora.xtec.cat\/ceip-escoladelmar\/wp-json\/wp\/v2\/comments?post=13978"}],"version-history":[{"count":3,"href":"https:\/\/agora.xtec.cat\/ceip-escoladelmar\/wp-json\/wp\/v2\/posts\/13978\/revisions"}],"predecessor-version":[{"id":14206,"href":"https:\/\/agora.xtec.cat\/ceip-escoladelmar\/wp-json\/wp\/v2\/posts\/13978\/revisions\/14206"}],"wp:featuredmedia":[{"embeddable":true,"href":"https:\/\/agora.xtec.cat\/ceip-escoladelmar\/wp-json\/wp\/v2\/media\/14205"}],"wp:attachment":[{"href":"https:\/\/agora.xtec.cat\/ceip-escoladelmar\/wp-json\/wp\/v2\/media?parent=13978"}],"wp:term":[{"taxonomy":"category","embeddable":true,"href":"https:\/\/agora.xtec.cat\/ceip-escoladelmar\/wp-json\/wp\/v2\/categories?post=13978"},{"taxonomy":"post_tag","embeddable":true,"href":"https:\/\/agora.xtec.cat\/ceip-escoladelmar\/wp-json\/wp\/v2\/tags?post=13978"}],"curies":[{"name":"wp","href":"https:\/\/api.w.org\/{rel}","templated":true}]}}