{"id":12059,"date":"2020-03-12T13:52:57","date_gmt":"2020-03-12T12:52:57","guid":{"rendered":"https:\/\/agora.xtec.cat\/ceip-escoladelmar\/?p=12059"},"modified":"2021-04-15T15:50:17","modified_gmt":"2021-04-15T13:50:17","slug":"visita-al-parc-de-la-draga-banyoles","status":"publish","type":"post","link":"https:\/\/agora.xtec.cat\/ceip-escoladelmar\/general\/visita-al-parc-de-la-draga-banyoles\/","title":{"rendered":"Visita al Parc de la Draga (Banyoles)"},"content":{"rendered":"<p>L&#8217;alumnat i tutors de 5\u00e8 vam visitar el dimarts 10 de mar\u00e7 el Parc Neol\u00edtic de la Draga al poble de Banyoles, on vam poder sentir-nos com aut\u00e8ntics homes i dones prehist\u00f2riques i realitzar algunes de les tasques que es duien a terme fa milers d&#8217;anys. Vam aprendre el proc\u00e9s de fer foc, llan\u00e7ament de fletxes, construir un rascador fent servir una branca i un tros de s\u00edlex&#8230;<\/p>\n<p>Vam riure i gaudir de la sortida tots plegats i ens va ajudar tamb\u00e9 a aclarir alguns dels dubtes que ens havien quedat a l&#8217;aula posant-nos a la pell dels nostres avantpassats\/ades d&#8217;una forma l\u00fadica i experimental.<\/p>\n<p>Clica a la seg\u00fcent imatge per veure l&#8217;\u00e0lbum complet:<\/p>\n<p><a href=\"https:\/\/photos.app.goo.gl\/yybQRZXrVpNzm7UT9\"><img loading=\"lazy\" decoding=\"async\" class=\"alignleft size-full wp-image-12060\" src=\"https:\/\/agora.xtec.cat\/ceip-escoladelmar\/wp-content\/uploads\/usu183\/2020\/03\/foto-draga.jpg\" alt=\"\" width=\"876\" height=\"657\" srcset=\"https:\/\/agora.xtec.cat\/ceip-escoladelmar\/wp-content\/uploads\/usu183\/2020\/03\/foto-draga.jpg 876w, https:\/\/agora.xtec.cat\/ceip-escoladelmar\/wp-content\/uploads\/usu183\/2020\/03\/foto-draga-300x225.jpg 300w, https:\/\/agora.xtec.cat\/ceip-escoladelmar\/wp-content\/uploads\/usu183\/2020\/03\/foto-draga-768x576.jpg 768w, https:\/\/agora.xtec.cat\/ceip-escoladelmar\/wp-content\/uploads\/usu183\/2020\/03\/foto-draga-200x150.jpg 200w\" sizes=\"auto, (max-width: 876px) 100vw, 876px\" \/><\/a><\/p>\n","protected":false},"excerpt":{"rendered":"<p>L&#8217;alumnat i tutors de 5\u00e8 vam visitar el dimarts 10 de mar\u00e7 el Parc Neol\u00edtic de la Draga al poble de Banyoles, on vam poder sentir-nos com aut\u00e8ntics homes i dones prehist\u00f2riques i realitzar algunes de les tasques que es duien a terme fa milers&hellip;  <a href=\"https:\/\/agora.xtec.cat\/ceip-escoladelmar\/general\/visita-al-parc-de-la-draga-banyoles\/\" title=\"Read Visita al Parc de la Draga (Banyoles)\">Llegeix m\u00e9s\u00bb<\/a><\/p>\n","protected":false},"author":6,"featured_media":12060,"comment_status":"open","ping_status":"closed","sticky":false,"template":"","format":"standard","meta":{"_bbp_topic_count":0,"_bbp_reply_count":0,"_bbp_total_topic_count":0,"_bbp_total_reply_count":0,"_bbp_voice_count":0,"_bbp_anonymous_reply_count":0,"_bbp_topic_count_hidden":0,"_bbp_reply_count_hidden":0,"_bbp_forum_subforum_count":0,"footnotes":""},"categories":[1,4,11,138],"tags":[130,125],"class_list":["post-12059","post","type-post","status-publish","format-standard","has-post-thumbnail","hentry","category-general","category-portada","category-2012-21","category-sortides-i-colonies","tag-5e","tag-curs-19-20"],"post_mailing_queue_ids":[],"_links":{"self":[{"href":"https:\/\/agora.xtec.cat\/ceip-escoladelmar\/wp-json\/wp\/v2\/posts\/12059","targetHints":{"allow":["GET"]}}],"collection":[{"href":"https:\/\/agora.xtec.cat\/ceip-escoladelmar\/wp-json\/wp\/v2\/posts"}],"about":[{"href":"https:\/\/agora.xtec.cat\/ceip-escoladelmar\/wp-json\/wp\/v2\/types\/post"}],"author":[{"embeddable":true,"href":"https:\/\/agora.xtec.cat\/ceip-escoladelmar\/wp-json\/wp\/v2\/users\/6"}],"replies":[{"embeddable":true,"href":"https:\/\/agora.xtec.cat\/ceip-escoladelmar\/wp-json\/wp\/v2\/comments?post=12059"}],"version-history":[{"count":2,"href":"https:\/\/agora.xtec.cat\/ceip-escoladelmar\/wp-json\/wp\/v2\/posts\/12059\/revisions"}],"predecessor-version":[{"id":12062,"href":"https:\/\/agora.xtec.cat\/ceip-escoladelmar\/wp-json\/wp\/v2\/posts\/12059\/revisions\/12062"}],"wp:featuredmedia":[{"embeddable":true,"href":"https:\/\/agora.xtec.cat\/ceip-escoladelmar\/wp-json\/wp\/v2\/media\/12060"}],"wp:attachment":[{"href":"https:\/\/agora.xtec.cat\/ceip-escoladelmar\/wp-json\/wp\/v2\/media?parent=12059"}],"wp:term":[{"taxonomy":"category","embeddable":true,"href":"https:\/\/agora.xtec.cat\/ceip-escoladelmar\/wp-json\/wp\/v2\/categories?post=12059"},{"taxonomy":"post_tag","embeddable":true,"href":"https:\/\/agora.xtec.cat\/ceip-escoladelmar\/wp-json\/wp\/v2\/tags?post=12059"}],"curies":[{"name":"wp","href":"https:\/\/api.w.org\/{rel}","templated":true}]}}