{"id":10762,"date":"2019-04-25T13:27:23","date_gmt":"2019-04-25T11:27:23","guid":{"rendered":"http:\/\/agora.xtec.cat\/ceip-escoladelmar\/?p=10762"},"modified":"2021-04-21T12:41:24","modified_gmt":"2021-04-21T10:41:24","slug":"jornades-culturals-al-cicle-mitja","status":"publish","type":"post","link":"https:\/\/agora.xtec.cat\/ceip-escoladelmar\/portada\/jornades-culturals-al-cicle-mitja\/","title":{"rendered":"Jornades Culturals al cicle mitj\u00e0"},"content":{"rendered":"<p>Durant les Jornades Culturals del 10, 11 i 12 d&#8217;abril, l&#8217;alumnat de 3r i 4t hem treballat el reciclatge i la sostenibilitat.<\/p>\n<p>Hem calculat la petjada ecol\u00f2gica per prendre consci\u00e8ncia dels residus que generem.<\/p>\n<p>Hem fet tallers internivells per: reparar llibres i jocs de taula que estaven en mal estat, reutilitzar ampolles de pl\u00e0stic per construir jocs, dissenyar petits cartells per enganxar a les papereres de l&#8217;escola i\u00a0diferents jocs d&#8217;ordinador relacionats amb el reciclatge.<\/p>\n<p>Hem anat a la platja de l&#8217;Espig\u00f3 de Garb\u00ed a fer una bona recollida de residus.<\/p>\n<p>Amb tot aix\u00f2, ara som m\u00e9s conscients de la import\u00e0ncia de tenir cura del nostre planeta.<\/p>\n<p><a href=\"https:\/\/photos.app.goo.gl\/zR5LZtADYC8p5WrAA\"><img loading=\"lazy\" decoding=\"async\" class=\"aligncenter size-large wp-image-10765\" src=\"https:\/\/agora.xtec.cat\/ceip-escoladelmar\/wp-content\/uploads\/usu183\/2019\/04\/IMG-20190424-WA0005-1024x614.jpg\" alt=\"\" width=\"1024\" height=\"614\" srcset=\"https:\/\/agora.xtec.cat\/ceip-escoladelmar\/wp-content\/uploads\/usu183\/2019\/04\/IMG-20190424-WA0005-1024x614.jpg 1024w, https:\/\/agora.xtec.cat\/ceip-escoladelmar\/wp-content\/uploads\/usu183\/2019\/04\/IMG-20190424-WA0005-300x180.jpg 300w, https:\/\/agora.xtec.cat\/ceip-escoladelmar\/wp-content\/uploads\/usu183\/2019\/04\/IMG-20190424-WA0005-768x461.jpg 768w, https:\/\/agora.xtec.cat\/ceip-escoladelmar\/wp-content\/uploads\/usu183\/2019\/04\/IMG-20190424-WA0005.jpg 1600w\" sizes=\"auto, (max-width: 1024px) 100vw, 1024px\" \/><\/a><\/p>\n","protected":false},"excerpt":{"rendered":"<p>Durant les Jornades Culturals del 10, 11 i 12 d&#8217;abril, l&#8217;alumnat de 3r i 4t hem treballat el reciclatge i la sostenibilitat.<br \/>\nHem calculat la petjada ecol\u00f2gica per prendre consci\u00e8ncia dels residus que generem.<br \/>\nHem fet tallers internivells per: reparar llibres i jocs de taula que estaven&hellip;  <a href=\"https:\/\/agora.xtec.cat\/ceip-escoladelmar\/portada\/jornades-culturals-al-cicle-mitja\/\" title=\"Read Jornades Culturals al cicle mitj\u00e0\">Llegeix m\u00e9s\u00bb<\/a><\/p>\n","protected":false},"author":6,"featured_media":10765,"comment_status":"open","ping_status":"closed","sticky":false,"template":"","format":"standard","meta":{"_bbp_topic_count":0,"_bbp_reply_count":0,"_bbp_total_topic_count":0,"_bbp_total_reply_count":0,"_bbp_voice_count":0,"_bbp_anonymous_reply_count":0,"_bbp_topic_count_hidden":0,"_bbp_reply_count_hidden":0,"_bbp_forum_subforum_count":0,"footnotes":""},"categories":[4,108,11,10],"tags":[112],"class_list":["post-10762","post","type-post","status-publish","format-standard","has-post-thumbnail","hentry","category-portada","category-project","category-2012-21","category-2013-22","tag-curs-2018-19"],"post_mailing_queue_ids":[],"_links":{"self":[{"href":"https:\/\/agora.xtec.cat\/ceip-escoladelmar\/wp-json\/wp\/v2\/posts\/10762","targetHints":{"allow":["GET"]}}],"collection":[{"href":"https:\/\/agora.xtec.cat\/ceip-escoladelmar\/wp-json\/wp\/v2\/posts"}],"about":[{"href":"https:\/\/agora.xtec.cat\/ceip-escoladelmar\/wp-json\/wp\/v2\/types\/post"}],"author":[{"embeddable":true,"href":"https:\/\/agora.xtec.cat\/ceip-escoladelmar\/wp-json\/wp\/v2\/users\/6"}],"replies":[{"embeddable":true,"href":"https:\/\/agora.xtec.cat\/ceip-escoladelmar\/wp-json\/wp\/v2\/comments?post=10762"}],"version-history":[{"count":1,"href":"https:\/\/agora.xtec.cat\/ceip-escoladelmar\/wp-json\/wp\/v2\/posts\/10762\/revisions"}],"predecessor-version":[{"id":10766,"href":"https:\/\/agora.xtec.cat\/ceip-escoladelmar\/wp-json\/wp\/v2\/posts\/10762\/revisions\/10766"}],"wp:featuredmedia":[{"embeddable":true,"href":"https:\/\/agora.xtec.cat\/ceip-escoladelmar\/wp-json\/wp\/v2\/media\/10765"}],"wp:attachment":[{"href":"https:\/\/agora.xtec.cat\/ceip-escoladelmar\/wp-json\/wp\/v2\/media?parent=10762"}],"wp:term":[{"taxonomy":"category","embeddable":true,"href":"https:\/\/agora.xtec.cat\/ceip-escoladelmar\/wp-json\/wp\/v2\/categories?post=10762"},{"taxonomy":"post_tag","embeddable":true,"href":"https:\/\/agora.xtec.cat\/ceip-escoladelmar\/wp-json\/wp\/v2\/tags?post=10762"}],"curies":[{"name":"wp","href":"https:\/\/api.w.org\/{rel}","templated":true}]}}