{"id":10483,"date":"2019-02-27T09:34:14","date_gmt":"2019-02-27T08:34:14","guid":{"rendered":"http:\/\/agora.xtec.cat\/ceip-escoladelmar\/?p=10483"},"modified":"2021-04-21T12:57:44","modified_gmt":"2021-04-21T10:57:44","slug":"1r-visita-la-pedrera-i-el-park-guell","status":"publish","type":"post","link":"https:\/\/agora.xtec.cat\/ceip-escoladelmar\/general\/1r-visita-la-pedrera-i-el-park-guell\/","title":{"rendered":"1r visita la Pedrera i el Park G\u00fcell"},"content":{"rendered":"<p style=\"text-align: left;\">El dimecres 13 de febrer l\u2019alumnat de primer va realitzar una sortida a Barcelona per treballar l\u2019arquitecte Antoni Gaud\u00ed. Al mat\u00ed vam visitar la <em>Pedrera <\/em>on vam realitzar un taller de trencad\u00eds i vam poder observar els espectaculars sostres, les parets, les golfes i, fins i tot, vam pujar al terrat per veure les xemeneies i els badalots. Ens van fer una visita guiada per un dels apartaments i ens van passar un v\u00eddeo on en Ramonet ens explicava les principals caracter\u00edstiques de la burgesia de l\u2019\u00e8poca. Al migdia, vam anar a dinar al <em>Park G\u00fcell <\/em>i despr\u00e9s vam fer la visita per la zona monumental per passejar pel pati de les cent columnes fins arribar a les escales principals on hi ha el drac. Va ser molt emocionant!<\/p>\n<p><a href=\"https:\/\/photos.app.goo.gl\/pfnRJ5J6Jsm36dwx7\"><img loading=\"lazy\" decoding=\"async\" class=\"aligncenter size-large wp-image-10484\" src=\"https:\/\/agora.xtec.cat\/ceip-escoladelmar\/wp-content\/uploads\/usu183\/2019\/02\/gaudi-1024x768.jpg\" alt=\"\" width=\"1024\" height=\"768\" srcset=\"https:\/\/agora.xtec.cat\/ceip-escoladelmar\/wp-content\/uploads\/usu183\/2019\/02\/gaudi-1024x768.jpg 1024w, https:\/\/agora.xtec.cat\/ceip-escoladelmar\/wp-content\/uploads\/usu183\/2019\/02\/gaudi-300x225.jpg 300w, https:\/\/agora.xtec.cat\/ceip-escoladelmar\/wp-content\/uploads\/usu183\/2019\/02\/gaudi-768x576.jpg 768w, https:\/\/agora.xtec.cat\/ceip-escoladelmar\/wp-content\/uploads\/usu183\/2019\/02\/gaudi-200x150.jpg 200w, https:\/\/agora.xtec.cat\/ceip-escoladelmar\/wp-content\/uploads\/usu183\/2019\/02\/gaudi.jpg 1600w\" sizes=\"auto, (max-width: 1024px) 100vw, 1024px\" \/><\/a><\/p>\n<p>&nbsp;<\/p>\n","protected":false},"excerpt":{"rendered":"<p>El dimecres 13 de febrer l\u2019alumnat de primer va realitzar una sortida a Barcelona per treballar l\u2019arquitecte Antoni Gaud\u00ed. Al mat\u00ed vam visitar la Pedrera on vam realitzar un taller de trencad\u00eds i vam poder observar els espectaculars sostres, les parets, les golfes i, fins&hellip;  <a href=\"https:\/\/agora.xtec.cat\/ceip-escoladelmar\/general\/1r-visita-la-pedrera-i-el-park-guell\/\" title=\"Read 1r visita la Pedrera i el Park G\u00fcell\">Llegeix m\u00e9s\u00bb<\/a><\/p>\n","protected":false},"author":6,"featured_media":10484,"comment_status":"open","ping_status":"closed","sticky":false,"template":"","format":"standard","meta":{"_bbp_topic_count":0,"_bbp_reply_count":0,"_bbp_total_topic_count":0,"_bbp_total_reply_count":0,"_bbp_voice_count":0,"_bbp_anonymous_reply_count":0,"_bbp_topic_count_hidden":0,"_bbp_reply_count_hidden":0,"_bbp_forum_subforum_count":0,"footnotes":""},"categories":[1,4,8],"tags":[112],"class_list":["post-10483","post","type-post","status-publish","format-standard","has-post-thumbnail","hentry","category-general","category-portada","category-2015-24","tag-curs-2018-19"],"post_mailing_queue_ids":[],"_links":{"self":[{"href":"https:\/\/agora.xtec.cat\/ceip-escoladelmar\/wp-json\/wp\/v2\/posts\/10483","targetHints":{"allow":["GET"]}}],"collection":[{"href":"https:\/\/agora.xtec.cat\/ceip-escoladelmar\/wp-json\/wp\/v2\/posts"}],"about":[{"href":"https:\/\/agora.xtec.cat\/ceip-escoladelmar\/wp-json\/wp\/v2\/types\/post"}],"author":[{"embeddable":true,"href":"https:\/\/agora.xtec.cat\/ceip-escoladelmar\/wp-json\/wp\/v2\/users\/6"}],"replies":[{"embeddable":true,"href":"https:\/\/agora.xtec.cat\/ceip-escoladelmar\/wp-json\/wp\/v2\/comments?post=10483"}],"version-history":[{"count":3,"href":"https:\/\/agora.xtec.cat\/ceip-escoladelmar\/wp-json\/wp\/v2\/posts\/10483\/revisions"}],"predecessor-version":[{"id":10487,"href":"https:\/\/agora.xtec.cat\/ceip-escoladelmar\/wp-json\/wp\/v2\/posts\/10483\/revisions\/10487"}],"wp:featuredmedia":[{"embeddable":true,"href":"https:\/\/agora.xtec.cat\/ceip-escoladelmar\/wp-json\/wp\/v2\/media\/10484"}],"wp:attachment":[{"href":"https:\/\/agora.xtec.cat\/ceip-escoladelmar\/wp-json\/wp\/v2\/media?parent=10483"}],"wp:term":[{"taxonomy":"category","embeddable":true,"href":"https:\/\/agora.xtec.cat\/ceip-escoladelmar\/wp-json\/wp\/v2\/categories?post=10483"},{"taxonomy":"post_tag","embeddable":true,"href":"https:\/\/agora.xtec.cat\/ceip-escoladelmar\/wp-json\/wp\/v2\/tags?post=10483"}],"curies":[{"name":"wp","href":"https:\/\/api.w.org\/{rel}","templated":true}]}}