{"id":10153,"date":"2018-12-04T10:22:07","date_gmt":"2018-12-04T09:22:07","guid":{"rendered":"http:\/\/agora.xtec.cat\/ceip-escoladelmar\/?p=10153"},"modified":"2021-04-21T13:22:37","modified_gmt":"2021-04-21T11:22:37","slug":"1r-crea-el-raco-de-la-tardor","status":"publish","type":"post","link":"https:\/\/agora.xtec.cat\/ceip-escoladelmar\/portada\/1r-crea-el-raco-de-la-tardor\/","title":{"rendered":"1r crea el rac\u00f3 de la tardor"},"content":{"rendered":"<p>En motiu de la tardor, els Cavallets de Mar i els \u00d3ssos Panda vam fer una sortida al mercat del poble per comprar la fruita t\u00edpica d\u2019aquesta estaci\u00f3. A la tarda vam fer una berenar per fer-ne un tastet i amb el que va sobrar vam fer un <em>Rac\u00f3 de tardor.<\/em><\/p>\n<p><a href=\"https:\/\/photos.app.goo.gl\/QKrD5UpK4oPfobYk6\"><img loading=\"lazy\" decoding=\"async\" class=\"aligncenter size-full wp-image-10154\" src=\"https:\/\/agora.xtec.cat\/ceip-escoladelmar\/wp-content\/uploads\/usu183\/2018\/12\/tardor.jpg\" alt=\"\" width=\"448\" height=\"277\" srcset=\"https:\/\/agora.xtec.cat\/ceip-escoladelmar\/wp-content\/uploads\/usu183\/2018\/12\/tardor.jpg 448w, https:\/\/agora.xtec.cat\/ceip-escoladelmar\/wp-content\/uploads\/usu183\/2018\/12\/tardor-300x185.jpg 300w\" sizes=\"auto, (max-width: 448px) 100vw, 448px\" \/><\/a><\/p>\n","protected":false},"excerpt":{"rendered":"<p>En motiu de la tardor, els Cavallets de Mar i els \u00d3ssos Panda vam fer una sortida al mercat del poble per comprar la fruita t\u00edpica d\u2019aquesta estaci\u00f3. A la tarda vam fer una berenar per fer-ne un tastet i amb el que va sobrar&hellip;  <a href=\"https:\/\/agora.xtec.cat\/ceip-escoladelmar\/portada\/1r-crea-el-raco-de-la-tardor\/\" title=\"Read 1r crea el rac\u00f3 de la tardor\">Llegeix m\u00e9s\u00bb<\/a><\/p>\n","protected":false},"author":6,"featured_media":10154,"comment_status":"open","ping_status":"closed","sticky":false,"template":"","format":"standard","meta":{"_bbp_topic_count":0,"_bbp_reply_count":0,"_bbp_total_topic_count":0,"_bbp_total_reply_count":0,"_bbp_voice_count":0,"_bbp_anonymous_reply_count":0,"_bbp_topic_count_hidden":0,"_bbp_reply_count_hidden":0,"_bbp_forum_subforum_count":0,"footnotes":""},"categories":[4,8],"tags":[112],"class_list":["post-10153","post","type-post","status-publish","format-standard","has-post-thumbnail","hentry","category-portada","category-2015-24","tag-curs-2018-19"],"post_mailing_queue_ids":[],"_links":{"self":[{"href":"https:\/\/agora.xtec.cat\/ceip-escoladelmar\/wp-json\/wp\/v2\/posts\/10153","targetHints":{"allow":["GET"]}}],"collection":[{"href":"https:\/\/agora.xtec.cat\/ceip-escoladelmar\/wp-json\/wp\/v2\/posts"}],"about":[{"href":"https:\/\/agora.xtec.cat\/ceip-escoladelmar\/wp-json\/wp\/v2\/types\/post"}],"author":[{"embeddable":true,"href":"https:\/\/agora.xtec.cat\/ceip-escoladelmar\/wp-json\/wp\/v2\/users\/6"}],"replies":[{"embeddable":true,"href":"https:\/\/agora.xtec.cat\/ceip-escoladelmar\/wp-json\/wp\/v2\/comments?post=10153"}],"version-history":[{"count":2,"href":"https:\/\/agora.xtec.cat\/ceip-escoladelmar\/wp-json\/wp\/v2\/posts\/10153\/revisions"}],"predecessor-version":[{"id":10160,"href":"https:\/\/agora.xtec.cat\/ceip-escoladelmar\/wp-json\/wp\/v2\/posts\/10153\/revisions\/10160"}],"wp:featuredmedia":[{"embeddable":true,"href":"https:\/\/agora.xtec.cat\/ceip-escoladelmar\/wp-json\/wp\/v2\/media\/10154"}],"wp:attachment":[{"href":"https:\/\/agora.xtec.cat\/ceip-escoladelmar\/wp-json\/wp\/v2\/media?parent=10153"}],"wp:term":[{"taxonomy":"category","embeddable":true,"href":"https:\/\/agora.xtec.cat\/ceip-escoladelmar\/wp-json\/wp\/v2\/categories?post=10153"},{"taxonomy":"post_tag","embeddable":true,"href":"https:\/\/agora.xtec.cat\/ceip-escoladelmar\/wp-json\/wp\/v2\/tags?post=10153"}],"curies":[{"name":"wp","href":"https:\/\/api.w.org\/{rel}","templated":true}]}}