{"id":950,"date":"2019-05-03T11:29:38","date_gmt":"2019-05-03T09:29:38","guid":{"rendered":"http:\/\/agora.xtec.cat\/ceip-escola-montsant-reus\/?p=950"},"modified":"2019-05-03T11:31:20","modified_gmt":"2019-05-03T09:31:20","slug":"colonies-poblet-19","status":"publish","type":"post","link":"https:\/\/agora.xtec.cat\/ceip-escola-montsant-reus\/general\/colonies-poblet-19\/","title":{"rendered":"Col\u00f2nies Poblet 19"},"content":{"rendered":"<p><a href=\"https:\/\/agora.xtec.cat\/ceip-escola-montsant-reus\/wp-content\/uploads\/usu1887\/2019\/05\/reduida.jpg\"><img loading=\"lazy\" decoding=\"async\" class=\"alignnone size-large wp-image-951\" src=\"https:\/\/agora.xtec.cat\/ceip-escola-montsant-reus\/wp-content\/uploads\/usu1887\/2019\/05\/reduida-1024x259.jpg\" alt=\"\" width=\"1024\" height=\"259\" srcset=\"https:\/\/agora.xtec.cat\/ceip-escola-montsant-reus\/wp-content\/uploads\/usu1887\/2019\/05\/reduida-1024x259.jpg 1024w, https:\/\/agora.xtec.cat\/ceip-escola-montsant-reus\/wp-content\/uploads\/usu1887\/2019\/05\/reduida-300x76.jpg 300w, https:\/\/agora.xtec.cat\/ceip-escola-montsant-reus\/wp-content\/uploads\/usu1887\/2019\/05\/reduida-768x194.jpg 768w, https:\/\/agora.xtec.cat\/ceip-escola-montsant-reus\/wp-content\/uploads\/usu1887\/2019\/05\/reduida.jpg 1500w\" sizes=\"auto, (max-width: 1024px) 100vw, 1024px\" \/><\/a><\/p>\n<p>Durant els dies 29 i 30 d&#8217;abril vam anar de col\u00f2nies des de P4 fins a 5\u00e8 a la finca <em>La Capella<\/em>, a Poblet. Vam fer activitats, jocs, tallers, excursions&#8230; i el m\u00e9s important: ens ho vam passar super b\u00e9! Volem agra\u00efr a tot l&#8217;equip docent de l&#8217;escola i al personal d&#8217;Edul\u00f2nia\u00a0 la implicaci\u00f3 i col\u00b7laboraci\u00f3 en tot moment. Tamb\u00e9 volem destacar el bon comportament de tot l&#8217;alumnat!<\/p>\n<p>Aqu\u00ed us deixem l&#8217;enlla\u00e7 a les fotografies, encara queden per penjar per\u00f2 ja n&#8217;hi ha un bon recull:<\/p>\n<p><a href=\"https:\/\/photos.app.goo.gl\/hc1T4wXb5HNjCEgX9\">https:\/\/photos.app.goo.gl\/hc1T4wXb5HNjCEgX9<\/a><\/p>\n<p>&nbsp;<\/p>\n","protected":false},"excerpt":{"rendered":"<p><a href=\"https:\/\/agora.xtec.cat\/ceip-escola-montsant-reus\/wp-content\/uploads\/usu1887\/2019\/05\/reduida.jpg\"><\/a><br \/>\nDurant els dies 29 i 30 d&#8217;abril vam anar de col\u00f2nies des de P4 fins a 5\u00e8 a la finca La Capella, a Poblet. Vam fer activitats, jocs, tallers, excursions&#8230; i el m\u00e9s important: ens ho vam passar super b\u00e9! Volem agra\u00efr a tot&hellip;  <a href=\"https:\/\/agora.xtec.cat\/ceip-escola-montsant-reus\/general\/colonies-poblet-19\/\" title=\"Read Col\u00f2nies Poblet 19\">Llegeix m\u00e9s\u00bb<\/a><\/p>\n","protected":false},"author":1,"featured_media":951,"comment_status":"open","ping_status":"closed","sticky":false,"template":"","format":"standard","meta":{"_bbp_topic_count":0,"_bbp_reply_count":0,"_bbp_total_topic_count":0,"_bbp_total_reply_count":0,"_bbp_voice_count":0,"_bbp_anonymous_reply_count":0,"_bbp_topic_count_hidden":0,"_bbp_reply_count_hidden":0,"_bbp_forum_subforum_count":0,"footnotes":""},"categories":[59,1,4],"tags":[],"class_list":["post-950","post","type-post","status-publish","format-standard","has-post-thumbnail","hentry","category-escola","category-general","category-portada"],"post_mailing_queue_ids":[],"_links":{"self":[{"href":"https:\/\/agora.xtec.cat\/ceip-escola-montsant-reus\/wp-json\/wp\/v2\/posts\/950","targetHints":{"allow":["GET"]}}],"collection":[{"href":"https:\/\/agora.xtec.cat\/ceip-escola-montsant-reus\/wp-json\/wp\/v2\/posts"}],"about":[{"href":"https:\/\/agora.xtec.cat\/ceip-escola-montsant-reus\/wp-json\/wp\/v2\/types\/post"}],"author":[{"embeddable":true,"href":"https:\/\/agora.xtec.cat\/ceip-escola-montsant-reus\/wp-json\/wp\/v2\/users\/1"}],"replies":[{"embeddable":true,"href":"https:\/\/agora.xtec.cat\/ceip-escola-montsant-reus\/wp-json\/wp\/v2\/comments?post=950"}],"version-history":[{"count":1,"href":"https:\/\/agora.xtec.cat\/ceip-escola-montsant-reus\/wp-json\/wp\/v2\/posts\/950\/revisions"}],"predecessor-version":[{"id":952,"href":"https:\/\/agora.xtec.cat\/ceip-escola-montsant-reus\/wp-json\/wp\/v2\/posts\/950\/revisions\/952"}],"wp:featuredmedia":[{"embeddable":true,"href":"https:\/\/agora.xtec.cat\/ceip-escola-montsant-reus\/wp-json\/wp\/v2\/media\/951"}],"wp:attachment":[{"href":"https:\/\/agora.xtec.cat\/ceip-escola-montsant-reus\/wp-json\/wp\/v2\/media?parent=950"}],"wp:term":[{"taxonomy":"category","embeddable":true,"href":"https:\/\/agora.xtec.cat\/ceip-escola-montsant-reus\/wp-json\/wp\/v2\/categories?post=950"},{"taxonomy":"post_tag","embeddable":true,"href":"https:\/\/agora.xtec.cat\/ceip-escola-montsant-reus\/wp-json\/wp\/v2\/tags?post=950"}],"curies":[{"name":"wp","href":"https:\/\/api.w.org\/{rel}","templated":true}]}}